{"id":968,"date":"2024-09-30T03:39:57","date_gmt":"2024-09-30T01:39:57","guid":{"rendered":"https:\/\/das-original.com\/?p=968"},"modified":"2024-09-30T03:39:57","modified_gmt":"2024-09-30T01:39:57","slug":"sonntagstreff-auf-burg-himmelreich","status":"publish","type":"post","link":"https:\/\/org.ef-urbich.de\/?p=968","title":{"rendered":"Sonntagstreff auf Burg Himmelreich"},"content":{"rendered":"\t\t<div data-elementor-type=\"wp-post\" data-elementor-id=\"968\" class=\"elementor elementor-968\" data-elementor-post-type=\"post\">\n\t\t\t\t<div class=\"elementor-element elementor-element-a33cc23 e-flex e-con-boxed e-con e-parent\" data-id=\"a33cc23\" data-element_type=\"container\" data-e-type=\"container\">\n\t\t\t\t\t<div class=\"e-con-inner\">\n\t\t<div class=\"elementor-element elementor-element-0fa037c e-grid e-con-full e-con e-child\" data-id=\"0fa037c\" data-element_type=\"container\" data-e-type=\"container\">\n\t\t\t\t<div class=\"elementor-element elementor-element-9884034 elementor-widget elementor-widget-image\" data-id=\"9884034\" data-element_type=\"widget\" data-e-type=\"widget\" data-widget_type=\"image.default\">\n\t\t\t\t\t\t\t\t\t\t\t\t\t\t\t<img fetchpriority=\"high\" decoding=\"async\" width=\"640\" height=\"482\" src=\"https:\/\/org.ef-urbich.de\/wp-content\/uploads\/2024\/09\/PXL_20240914_015808207.MP_-scaled-1-1024x771.jpg\" class=\"attachment-large size-large wp-image-987\" alt=\"Geb\u00e4ck auf dem Esstisch im Esszimmer auf Burg Himmelreich\" srcset=\"https:\/\/org.ef-urbich.de\/wp-content\/uploads\/2024\/09\/PXL_20240914_015808207.MP_-scaled-1-1024x771.jpg 1024w, https:\/\/org.ef-urbich.de\/wp-content\/uploads\/2024\/09\/PXL_20240914_015808207.MP_-scaled-1-300x226.jpg 300w, https:\/\/org.ef-urbich.de\/wp-content\/uploads\/2024\/09\/PXL_20240914_015808207.MP_-scaled-1-768x578.jpg 768w, https:\/\/org.ef-urbich.de\/wp-content\/uploads\/2024\/09\/PXL_20240914_015808207.MP_-scaled-1-1536x1157.jpg 1536w, https:\/\/org.ef-urbich.de\/wp-content\/uploads\/2024\/09\/PXL_20240914_015808207.MP_-scaled-1-2048x1542.jpg 2048w\" sizes=\"(max-width: 640px) 100vw, 640px\" \/>\t\t\t\t\t\t\t\t\t\t\t\t\t\t\t<\/div>\n\t\t\t\t<div class=\"elementor-element elementor-element-a05e482 elementor-widget elementor-widget-text-editor\" data-id=\"a05e482\" data-element_type=\"widget\" data-e-type=\"widget\" data-widget_type=\"text-editor.default\">\n\t\t\t\t\t\t\t\t\t<p>Diesen Sonntag fand auf Burg Himmelreich der erste &#8220;Sonntagstreff&#8221; bei Kuchen und Kaffee statt. Petra, Marian, Corinna, Timo-Thejus, etc. trafen sich ab ca. 15:30 Uhr auf Burg Himmelreich. Es wurde frischer Kaffee gekocht. Burg Himmelreich stellte dank dem Herrn Bratapfelstollen zur Verf\u00fcgung und G\u00e4ste brachten Brownies mit.<\/p>\t\t\t\t\t\t\t\t<\/div>\n\t\t\t\t<div class=\"elementor-element elementor-element-3241f61 elementor-widget elementor-widget-text-editor\" data-id=\"3241f61\" data-element_type=\"widget\" data-e-type=\"widget\" data-widget_type=\"text-editor.default\">\n\t\t\t\t\t\t\t\t\t<p>Bei einem kleinen Spaziergang konnte ein ferngesteuerter elektrischer Jeep erfolgreich in Betrieb genommen werden und verschenkt werden.<\/p>\t\t\t\t\t\t\t\t<\/div>\n\t\t\t\t<div class=\"elementor-element elementor-element-82052e7 elementor-widget elementor-widget-image\" data-id=\"82052e7\" data-element_type=\"widget\" data-e-type=\"widget\" data-widget_type=\"image.default\">\n\t\t\t\t\t\t\t\t\t\t\t\t\t\t\t<img decoding=\"async\" width=\"640\" height=\"480\" src=\"https:\/\/org.ef-urbich.de\/wp-content\/uploads\/2024\/09\/Timo-Thejus_und_Marian_beim-spielen-1024x768.jpg\" class=\"attachment-large size-large wp-image-991\" alt=\"Erster B\u00fcrger Timo-Thejus und Marian(kleiner leiblicher Bruder von Lucas Hartleb) w\u00e4hrend des Spielens auf dem Parkplatz der Feuerwehr Erfurt S\u00fcd-Ost\" srcset=\"https:\/\/org.ef-urbich.de\/wp-content\/uploads\/2024\/09\/Timo-Thejus_und_Marian_beim-spielen-1024x768.jpg 1024w, https:\/\/org.ef-urbich.de\/wp-content\/uploads\/2024\/09\/Timo-Thejus_und_Marian_beim-spielen-300x225.jpg 300w, https:\/\/org.ef-urbich.de\/wp-content\/uploads\/2024\/09\/Timo-Thejus_und_Marian_beim-spielen-768x576.jpg 768w, https:\/\/org.ef-urbich.de\/wp-content\/uploads\/2024\/09\/Timo-Thejus_und_Marian_beim-spielen-1536x1152.jpg 1536w, https:\/\/org.ef-urbich.de\/wp-content\/uploads\/2024\/09\/Timo-Thejus_und_Marian_beim-spielen.jpg 2000w\" sizes=\"(max-width: 640px) 100vw, 640px\" \/>\t\t\t\t\t\t\t\t\t\t\t\t\t\t\t<\/div>\n\t\t\t\t<\/div>\n\t\t\t\t<div class=\"elementor-element elementor-element-fd6013a elementor-widget elementor-widget-text-editor\" data-id=\"fd6013a\" data-element_type=\"widget\" data-e-type=\"widget\" data-widget_type=\"text-editor.default\">\n\t\t\t\t\t\t\t\t\t<p>\u00a0<\/p><p>Sp\u00e4ter traf noch B\u00fcrger 2 Niklas Leon Sense, (nicht zu verwechseln mit dem aktuellen Amtstr\u00e4ger Zweiter B\u00fcrger Lucas Hartleb, welcher ebenfalls anwesend war), ein.<\/p><p>Nach einem Gemeinsamen Abendessen verabschiedeten wir uns als Familie uns segneten uns f\u00fcr die kommende Zeit.<\/p>\t\t\t\t\t\t\t\t<\/div>\n\t\t\t\t<div class=\"elementor-element elementor-element-cd19e6c elementor-widget elementor-widget-heading\" data-id=\"cd19e6c\" data-element_type=\"widget\" data-e-type=\"widget\" data-widget_type=\"heading.default\">\n\t\t\t\t\t<h2 class=\"elementor-heading-title elementor-size-default\">Gebetsanliegen<\/h2>\t\t\t\t<\/div>\n\t\t\t\t<div class=\"elementor-element elementor-element-0f24cc2 elementor-icon-list--layout-traditional elementor-list-item-link-full_width elementor-widget elementor-widget-icon-list\" data-id=\"0f24cc2\" data-element_type=\"widget\" data-e-type=\"widget\" data-widget_type=\"icon-list.default\">\n\t\t\t\t\t\t\t<ul class=\"elementor-icon-list-items\">\n\t\t\t\t\t\t\t<li class=\"elementor-icon-list-item\">\n\t\t\t\t\t\t\t\t\t\t\t<span class=\"elementor-icon-list-icon\">\n\t\t\t\t\t\t\t<svg aria-hidden=\"true\" class=\"e-font-icon-svg e-fas-arrow-up\" viewBox=\"0 0 448 512\" xmlns=\"http:\/\/www.w3.org\/2000\/svg\"><path d=\"M34.9 289.5l-22.2-22.2c-9.4-9.4-9.4-24.6 0-33.9L207 39c9.4-9.4 24.6-9.4 33.9 0l194.3 194.3c9.4 9.4 9.4 24.6 0 33.9L413 289.4c-9.5 9.5-25 9.3-34.3-.4L264 168.6V456c0 13.3-10.7 24-24 24h-32c-13.3 0-24-10.7-24-24V168.6L69.2 289.1c-9.3 9.8-24.8 10-34.3.4z\"><\/path><\/svg>\t\t\t\t\t\t<\/span>\n\t\t\t\t\t\t\t\t\t\t<span class=\"elementor-icon-list-text\">Guter Projektstart \"IT-Service des Timo-Thejus\"<\/span>\n\t\t\t\t\t\t\t\t\t<\/li>\n\t\t\t\t\t\t\t\t<li class=\"elementor-icon-list-item\">\n\t\t\t\t\t\t\t\t\t\t\t<span class=\"elementor-icon-list-icon\">\n\t\t\t\t\t\t\t<svg aria-hidden=\"true\" class=\"e-font-icon-svg e-fas-arrow-up\" viewBox=\"0 0 448 512\" xmlns=\"http:\/\/www.w3.org\/2000\/svg\"><path d=\"M34.9 289.5l-22.2-22.2c-9.4-9.4-9.4-24.6 0-33.9L207 39c9.4-9.4 24.6-9.4 33.9 0l194.3 194.3c9.4 9.4 9.4 24.6 0 33.9L413 289.4c-9.5 9.5-25 9.3-34.3-.4L264 168.6V456c0 13.3-10.7 24-24 24h-32c-13.3 0-24-10.7-24-24V168.6L69.2 289.1c-9.3 9.8-24.8 10-34.3.4z\"><\/path><\/svg>\t\t\t\t\t\t<\/span>\n\t\t\t\t\t\t\t\t\t\t<span class=\"elementor-icon-list-text\">Gute neue Wohnung in Erfurt f\u00fcr einen Mitb\u00fcrger<\/span>\n\t\t\t\t\t\t\t\t\t<\/li>\n\t\t\t\t\t\t\t\t<li class=\"elementor-icon-list-item\">\n\t\t\t\t\t\t\t\t\t\t\t<span class=\"elementor-icon-list-icon\">\n\t\t\t\t\t\t\t<svg aria-hidden=\"true\" class=\"e-font-icon-svg e-fas-arrow-up\" viewBox=\"0 0 448 512\" xmlns=\"http:\/\/www.w3.org\/2000\/svg\"><path d=\"M34.9 289.5l-22.2-22.2c-9.4-9.4-9.4-24.6 0-33.9L207 39c9.4-9.4 24.6-9.4 33.9 0l194.3 194.3c9.4 9.4 9.4 24.6 0 33.9L413 289.4c-9.5 9.5-25 9.3-34.3-.4L264 168.6V456c0 13.3-10.7 24-24 24h-32c-13.3 0-24-10.7-24-24V168.6L69.2 289.1c-9.3 9.8-24.8 10-34.3.4z\"><\/path><\/svg>\t\t\t\t\t\t<\/span>\n\t\t\t\t\t\t\t\t\t\t<span class=\"elementor-icon-list-text\">Wachstum f\u00fcr Gottes Vorratshaus<\/span>\n\t\t\t\t\t\t\t\t\t<\/li>\n\t\t\t\t\t\t\t\t<li class=\"elementor-icon-list-item\">\n\t\t\t\t\t\t\t\t\t\t\t<span class=\"elementor-icon-list-icon\">\n\t\t\t\t\t\t\t<svg aria-hidden=\"true\" class=\"e-font-icon-svg e-fas-arrow-up\" viewBox=\"0 0 448 512\" xmlns=\"http:\/\/www.w3.org\/2000\/svg\"><path d=\"M34.9 289.5l-22.2-22.2c-9.4-9.4-9.4-24.6 0-33.9L207 39c9.4-9.4 24.6-9.4 33.9 0l194.3 194.3c9.4 9.4 9.4 24.6 0 33.9L413 289.4c-9.5 9.5-25 9.3-34.3-.4L264 168.6V456c0 13.3-10.7 24-24 24h-32c-13.3 0-24-10.7-24-24V168.6L69.2 289.1c-9.3 9.8-24.8 10-34.3.4z\"><\/path><\/svg>\t\t\t\t\t\t<\/span>\n\t\t\t\t\t\t\t\t\t\t<span class=\"elementor-icon-list-text\">Gesundheit<\/span>\n\t\t\t\t\t\t\t\t\t<\/li>\n\t\t\t\t\t\t\t\t<li class=\"elementor-icon-list-item\">\n\t\t\t\t\t\t\t\t\t\t\t<span class=\"elementor-icon-list-icon\">\n\t\t\t\t\t\t\t<svg aria-hidden=\"true\" class=\"e-font-icon-svg e-fas-arrow-up\" viewBox=\"0 0 448 512\" xmlns=\"http:\/\/www.w3.org\/2000\/svg\"><path d=\"M34.9 289.5l-22.2-22.2c-9.4-9.4-9.4-24.6 0-33.9L207 39c9.4-9.4 24.6-9.4 33.9 0l194.3 194.3c9.4 9.4 9.4 24.6 0 33.9L413 289.4c-9.5 9.5-25 9.3-34.3-.4L264 168.6V456c0 13.3-10.7 24-24 24h-32c-13.3 0-24-10.7-24-24V168.6L69.2 289.1c-9.3 9.8-24.8 10-34.3.4z\"><\/path><\/svg>\t\t\t\t\t\t<\/span>\n\t\t\t\t\t\t\t\t\t\t<span class=\"elementor-icon-list-text\">Neue fanatische Glaubensgeschwister<\/span>\n\t\t\t\t\t\t\t\t\t<\/li>\n\t\t\t\t\t\t<\/ul>\n\t\t\t\t\t\t<\/div>\n\t\t\t\t\t<\/div>\n\t\t\t\t<\/div>\n\t\t\t\t<\/div>\n\t\t","protected":false},"excerpt":{"rendered":"<p>Diesen Sonntag fand auf Burg Himmelreich der erste &#8220;Sonntagstreff&#8221; bei Kuchen und Kaffee statt. Petra, Marian, Corinna, Timo-Thejus, etc. trafen sich ab ca. 15:30 Uhr auf Burg Himmelreich. Es wurde frischer Kaffee gekocht. Burg Himmelreich stellte dank dem Herrn Bratapfelstollen zur Verf\u00fcgung und G\u00e4ste brachten Brownies mit. Bei einem kleinen Spaziergang konnte ein ferngesteuerter elektrischer [&hellip;]<\/p>\n","protected":false},"author":1,"featured_media":996,"comment_status":"open","ping_status":"open","sticky":false,"template":"","format":"standard","meta":{"footnotes":""},"categories":[10,2],"tags":[139,142,199],"class_list":["post-968","post","type-post","status-publish","format-standard","has-post-thumbnail","hentry","category-burg-himmelreich","category-himmelreich-thueringen","tag-gebet","tag-gemeinschaft","tag-sonntagskaffee"],"_links":{"self":[{"href":"https:\/\/org.ef-urbich.de\/index.php?rest_route=\/wp\/v2\/posts\/968","targetHints":{"allow":["GET"]}}],"collection":[{"href":"https:\/\/org.ef-urbich.de\/index.php?rest_route=\/wp\/v2\/posts"}],"about":[{"href":"https:\/\/org.ef-urbich.de\/index.php?rest_route=\/wp\/v2\/types\/post"}],"author":[{"embeddable":true,"href":"https:\/\/org.ef-urbich.de\/index.php?rest_route=\/wp\/v2\/users\/1"}],"replies":[{"embeddable":true,"href":"https:\/\/org.ef-urbich.de\/index.php?rest_route=%2Fwp%2Fv2%2Fcomments&post=968"}],"version-history":[{"count":0,"href":"https:\/\/org.ef-urbich.de\/index.php?rest_route=\/wp\/v2\/posts\/968\/revisions"}],"wp:featuredmedia":[{"embeddable":true,"href":"https:\/\/org.ef-urbich.de\/index.php?rest_route=\/wp\/v2\/media\/996"}],"wp:attachment":[{"href":"https:\/\/org.ef-urbich.de\/index.php?rest_route=%2Fwp%2Fv2%2Fmedia&parent=968"}],"wp:term":[{"taxonomy":"category","embeddable":true,"href":"https:\/\/org.ef-urbich.de\/index.php?rest_route=%2Fwp%2Fv2%2Fcategories&post=968"},{"taxonomy":"post_tag","embeddable":true,"href":"https:\/\/org.ef-urbich.de\/index.php?rest_route=%2Fwp%2Fv2%2Ftags&post=968"}],"curies":[{"name":"wp","href":"https:\/\/api.w.org\/{rel}","templated":true}]}}