{"id":937,"date":"2024-09-27T23:36:30","date_gmt":"2024-09-27T21:36:30","guid":{"rendered":"https:\/\/das-original.com\/?p=937"},"modified":"2024-09-27T23:36:30","modified_gmt":"2024-09-27T21:36:30","slug":"neuer-it-service-in-erfurt","status":"publish","type":"post","link":"https:\/\/org.ef-urbich.de\/?p=937","title":{"rendered":"Neuer IT-Service in Erfurt"},"content":{"rendered":"\t\t<div data-elementor-type=\"wp-post\" data-elementor-id=\"937\" class=\"elementor elementor-937\" data-elementor-post-type=\"post\">\n\t\t\t\t<div class=\"elementor-element elementor-element-241ecac e-flex e-con-boxed e-con e-parent\" data-id=\"241ecac\" data-element_type=\"container\" data-e-type=\"container\">\n\t\t\t\t\t<div class=\"e-con-inner\">\n\t\t\t\t<div class=\"elementor-element elementor-element-69766b2 elementor-widget elementor-widget-text-editor\" data-id=\"69766b2\" data-element_type=\"widget\" data-e-type=\"widget\" data-widget_type=\"text-editor.default\">\n\t\t\t\t\t\t\t\t\t<p>In Erfurt bietet ein neuer IT-Service Partner seine Dienstleistungen auch f\u00fcr Privatpersonen an.<\/p><p><a href=\"http:\/\/timo-thejus.de\" target=\"_blank\" rel=\"noopener\">IT-Service des Timo-Thejus<\/a> ist der Name. Als Einstiegsangebot k\u00f6nnen Privatkunden f\u00fcr 79\u20ac statt 99\u20ac dieses Jahr einen Drucker installieren und einrichten lassen.<\/p><p>Das Portfolio des Dienstleisters wird in den kommenen Wochen stetig erweitert so das ein Privater IT-Haushalt abgedeckt sein wird.<\/p><p>Ger\u00fcchten zufolge soll der Projektleiter Lucas Hartleb \u00fcber die Installation und Einrichtung einer Soundanlage f\u00fcr 99 statt 149\u20ac in Erw\u00e4gung ziehen.<\/p><p>Wir werden hoffentlich bald mehr wissen.<\/p>\t\t\t\t\t\t\t\t<\/div>\n\t\t\t\t\t<\/div>\n\t\t\t\t<\/div>\n\t\t<div class=\"elementor-element elementor-element-423b55f e-grid e-con-boxed e-con e-parent\" data-id=\"423b55f\" data-element_type=\"container\" data-e-type=\"container\">\n\t\t\t\t\t<div class=\"e-con-inner\">\n\t\t\t\t<div class=\"elementor-element elementor-element-7cf584d elementor-widget elementor-widget-image\" data-id=\"7cf584d\" data-element_type=\"widget\" data-e-type=\"widget\" data-widget_type=\"image.default\">\n\t\t\t\t\t\t\t\t\t\t\t\t\t\t\t<img fetchpriority=\"high\" decoding=\"async\" width=\"640\" height=\"427\" src=\"https:\/\/org.ef-urbich.de\/wp-content\/uploads\/2024\/09\/notebook_f-tastatur-bereich-1024x683.jpg\" class=\"attachment-large size-large wp-image-944\" alt=\"\" srcset=\"https:\/\/org.ef-urbich.de\/wp-content\/uploads\/2024\/09\/notebook_f-tastatur-bereich-1024x683.jpg 1024w, https:\/\/org.ef-urbich.de\/wp-content\/uploads\/2024\/09\/notebook_f-tastatur-bereich-300x200.jpg 300w, https:\/\/org.ef-urbich.de\/wp-content\/uploads\/2024\/09\/notebook_f-tastatur-bereich-768x512.jpg 768w, https:\/\/org.ef-urbich.de\/wp-content\/uploads\/2024\/09\/notebook_f-tastatur-bereich-1536x1024.jpg 1536w, https:\/\/org.ef-urbich.de\/wp-content\/uploads\/2024\/09\/notebook_f-tastatur-bereich.jpg 1920w\" sizes=\"(max-width: 640px) 100vw, 640px\" \/>\t\t\t\t\t\t\t\t\t\t\t\t\t\t\t<\/div>\n\t\t\t\t<div class=\"elementor-element elementor-element-4d59a05 elementor-widget elementor-widget-text-editor\" data-id=\"4d59a05\" data-element_type=\"widget\" data-e-type=\"widget\" data-widget_type=\"text-editor.default\">\n\t\t\t\t\t\t\t\t\t<p>Wir d\u00fcrfen uns demn\u00e4chst \u00fcber eine Beitragsreihe zu den F-Tasten freuen. Jede Tastatur hat Sie, doch wozu dienen Sie?<\/p><p style=\"text-align: left;\">Diese und mehr Fragen werden wir bald tiefergehend ergr\u00fcnden.<\/p>\t\t\t\t\t\t\t\t<\/div>\n\t\t\t\t\t<\/div>\n\t\t\t\t<\/div>\n\t\t\t\t<\/div>\n\t\t","protected":false},"excerpt":{"rendered":"<p>Tempor\u00e4rer Textauszug<\/p>\n","protected":false},"author":1,"featured_media":940,"comment_status":"open","ping_status":"open","sticky":false,"template":"","format":"standard","meta":{"footnotes":""},"categories":[19,115,44,106,15],"tags":[20],"class_list":["post-937","post","type-post","status-publish","format-standard","has-post-thumbnail","hentry","category-business","category-dgb-enterprises","category-news","category-tech","category-timo-thejus","tag-business"],"_links":{"self":[{"href":"https:\/\/org.ef-urbich.de\/index.php?rest_route=\/wp\/v2\/posts\/937","targetHints":{"allow":["GET"]}}],"collection":[{"href":"https:\/\/org.ef-urbich.de\/index.php?rest_route=\/wp\/v2\/posts"}],"about":[{"href":"https:\/\/org.ef-urbich.de\/index.php?rest_route=\/wp\/v2\/types\/post"}],"author":[{"embeddable":true,"href":"https:\/\/org.ef-urbich.de\/index.php?rest_route=\/wp\/v2\/users\/1"}],"replies":[{"embeddable":true,"href":"https:\/\/org.ef-urbich.de\/index.php?rest_route=%2Fwp%2Fv2%2Fcomments&post=937"}],"version-history":[{"count":0,"href":"https:\/\/org.ef-urbich.de\/index.php?rest_route=\/wp\/v2\/posts\/937\/revisions"}],"wp:featuredmedia":[{"embeddable":true,"href":"https:\/\/org.ef-urbich.de\/index.php?rest_route=\/wp\/v2\/media\/940"}],"wp:attachment":[{"href":"https:\/\/org.ef-urbich.de\/index.php?rest_route=%2Fwp%2Fv2%2Fmedia&parent=937"}],"wp:term":[{"taxonomy":"category","embeddable":true,"href":"https:\/\/org.ef-urbich.de\/index.php?rest_route=%2Fwp%2Fv2%2Fcategories&post=937"},{"taxonomy":"post_tag","embeddable":true,"href":"https:\/\/org.ef-urbich.de\/index.php?rest_route=%2Fwp%2Fv2%2Ftags&post=937"}],"curies":[{"name":"wp","href":"https:\/\/api.w.org\/{rel}","templated":true}]}}