{"id":753,"date":"2024-09-05T23:31:20","date_gmt":"2024-09-05T21:31:20","guid":{"rendered":"https:\/\/das-original.com\/?p=753"},"modified":"2024-09-05T23:31:20","modified_gmt":"2024-09-05T21:31:20","slug":"himmelreich-erfurt-konstituierungstreffen","status":"publish","type":"post","link":"https:\/\/org.ef-urbich.de\/?p=753","title":{"rendered":"Himmelreich Erfurt &#8211; Konstituierungstreffen"},"content":{"rendered":"\t\t<div data-elementor-type=\"wp-post\" data-elementor-id=\"753\" class=\"elementor elementor-753\" data-elementor-post-type=\"post\">\n\t\t\t\t<div class=\"elementor-element elementor-element-48a821b e-flex e-con-boxed e-con e-parent\" data-id=\"48a821b\" data-element_type=\"container\" data-e-type=\"container\">\n\t\t\t\t\t<div class=\"e-con-inner\">\n\t\t\t\t<div class=\"elementor-element elementor-element-3822f02 elementor-widget elementor-widget-text-editor\" data-id=\"3822f02\" data-element_type=\"widget\" data-e-type=\"widget\" data-widget_type=\"text-editor.default\">\n\t\t\t\t\t\t\t\t\t<p>Am 05.09.2024 war es so weit. Das Konstituierungstreffen des Himmelreich Erfurt hat stattgefunden.<\/p><p>Es war ein gem\u00fctlicher sowie warmer Sp\u00e4tsommer Abend. Zweiter B\u00fcrger Lucas Hartleb und Daniel Gabriel Timo-Thejus Bach trafen sich in Ninive, um die Jahrelange Vorbereitung endlich in die Tat umzusetzen. Digital zugeschaltet waren einige Mitb\u00fcrger, welche im Leib nicht anwesend sein konnten.<\/p><p>Was ist \u00fcberhaupt passiert? Das ist das tolle, wir haben Gott gedient. Das ist unsere Aufgabe.<\/p><p>Ein Beispiel: Ort und Zeit wurden uns von Herrn Zebaoth pers\u00f6nlich vorgeschlagen. Kaum sa\u00dfen wir ein paar Minuten auf der Bank, schon konnten wir zur Tat schreiten. Ein Passant verlor sein Handy w\u00e4hrend des Sprints zur Bahn und bemerkte es nicht. Zweiter B\u00fcrger Lucas Hartleb sprang auf, rannte hinterher und \u00fcbergab das Telefon gerade rechtzeitig, bevor sich die T\u00fcren der Stra\u00dfenbahn schlossen. F\u00fcr uns ein kleiner Akt. F\u00fcr die betreffende Person wurde ein erheblicher Schaden verhindert.<\/p><p>Dieses Beispiel verdeutlicht sehr anschaulich unsere Aufgabe. Wir dienen der Stadt Erfurt und unseren Geschwistern. Dass, indem wir Gott gehorsam agieren.<\/p><p>Das Ziel: Ein Leib Christi in Erfurt.<\/p><p>Vorgehensweise: Gehorsam vor, durch, mit Gott und Dienst an den Geschwistern durch Gebet, F\u00fcrbitte, F\u00fchrung, Weissagung, Prophetie, Auslegung, Training der Geistesgaben, etc.<\/p><p>Struktur\/Hierarchie: Gott selbst hat uns Auserw\u00e4hlt. Daniel 2<br \/>[21]: &#8220;Er \u00e4ndert Zeit und Stunde; er setzt K\u00f6nige ab und setzt K\u00f6nige ein; er gibt den Weisen ihre Weisheit und den Verst\u00e4ndigen ihren Verstand&#8221;.<\/p><p>Wir Beten: &#8220;Danke himmlischer Vater, f\u00fcr diesen gro\u00dfen schritt in unserem Leben. Danke f\u00fcr den Mut, blindes Gottvertrauen tag t\u00e4glich zu leben. Danke, das der Passant keinen Wirtschaftlichen Schaden durch den Handyverlust erlitten hat. Segne bitte unsere Werke und \u00f6ffne die Augen, Ohren und Herzen unserer Geschwister, sodass sie erkennen das du uns als ein Leib in Erfurt w\u00fcnschst. Und bitte lieber himmlischer Vater, lasse auch f\u00fcr uns, unsere Feinde zuschanden werden (Psalm 6 Vers 11). Amen!<\/p>\t\t\t\t\t\t\t\t<\/div>\n\t\t\t\t\t<\/div>\n\t\t\t\t<\/div>\n\t\t\t\t<\/div>\n\t\t","protected":false},"excerpt":{"rendered":"<p>Am 05.09.2024 war es so weit. Das Konstituierungstreffen des Himmelreich Erfurt hat stattgefunden.<\/p>\n","protected":false},"author":1,"featured_media":755,"comment_status":"open","ping_status":"open","sticky":false,"template":"","format":"standard","meta":{"footnotes":""},"categories":[4,44,36],"tags":[134,141,31],"class_list":["post-753","post","type-post","status-publish","format-standard","has-post-thumbnail","hentry","category-gott","category-news","category-welt","tag-erfurt","tag-gemeinde","tag-gott"],"_links":{"self":[{"href":"https:\/\/org.ef-urbich.de\/index.php?rest_route=\/wp\/v2\/posts\/753","targetHints":{"allow":["GET"]}}],"collection":[{"href":"https:\/\/org.ef-urbich.de\/index.php?rest_route=\/wp\/v2\/posts"}],"about":[{"href":"https:\/\/org.ef-urbich.de\/index.php?rest_route=\/wp\/v2\/types\/post"}],"author":[{"embeddable":true,"href":"https:\/\/org.ef-urbich.de\/index.php?rest_route=\/wp\/v2\/users\/1"}],"replies":[{"embeddable":true,"href":"https:\/\/org.ef-urbich.de\/index.php?rest_route=%2Fwp%2Fv2%2Fcomments&post=753"}],"version-history":[{"count":0,"href":"https:\/\/org.ef-urbich.de\/index.php?rest_route=\/wp\/v2\/posts\/753\/revisions"}],"wp:featuredmedia":[{"embeddable":true,"href":"https:\/\/org.ef-urbich.de\/index.php?rest_route=\/wp\/v2\/media\/755"}],"wp:attachment":[{"href":"https:\/\/org.ef-urbich.de\/index.php?rest_route=%2Fwp%2Fv2%2Fmedia&parent=753"}],"wp:term":[{"taxonomy":"category","embeddable":true,"href":"https:\/\/org.ef-urbich.de\/index.php?rest_route=%2Fwp%2Fv2%2Fcategories&post=753"},{"taxonomy":"post_tag","embeddable":true,"href":"https:\/\/org.ef-urbich.de\/index.php?rest_route=%2Fwp%2Fv2%2Ftags&post=753"}],"curies":[{"name":"wp","href":"https:\/\/api.w.org\/{rel}","templated":true}]}}