{"id":726,"date":"2024-09-04T14:06:22","date_gmt":"2024-09-04T12:06:22","guid":{"rendered":"https:\/\/das-original.com\/?p=726"},"modified":"2024-09-04T14:06:22","modified_gmt":"2024-09-04T12:06:22","slug":"neues-logo-selber-gott","status":"publish","type":"post","link":"https:\/\/org.ef-urbich.de\/?p=726","title":{"rendered":"Neues Logo &#8211; Selber Gott!"},"content":{"rendered":"\t\t<div data-elementor-type=\"wp-post\" data-elementor-id=\"726\" class=\"elementor elementor-726\" data-elementor-post-type=\"post\">\n\t\t\t\t<div class=\"elementor-element elementor-element-c19e7d2 e-flex e-con-boxed e-con e-parent\" data-id=\"c19e7d2\" data-element_type=\"container\" data-e-type=\"container\">\n\t\t\t\t\t<div class=\"e-con-inner\">\n\t\t\t\t\t<\/div>\n\t\t\t\t<\/div>\n\t\t<div class=\"elementor-element elementor-element-3356f0f e-flex e-con-boxed e-con e-parent\" data-id=\"3356f0f\" data-element_type=\"container\" data-e-type=\"container\">\n\t\t\t\t\t<div class=\"e-con-inner\">\n\t\t\t\t<div class=\"elementor-element elementor-element-d36cb16 elementor-widget elementor-widget-text-editor\" data-id=\"d36cb16\" data-element_type=\"widget\" data-e-type=\"widget\" data-widget_type=\"text-editor.default\">\n\t\t\t\t\t\t\t\t\t<p>Dem Herrn sei es gedankt!<\/p><p>Wir haben ein neues Logo sowie Schriftzug!<\/p><p>In Matth\u00e4us 6 Vers 7 steht: &#8220;Und wenn ihr betet, sollt ihr nicht viel plappern wie die Heiden; denn sie meinen, sie werden erh\u00f6rt, wenn sie viele Worte machen.&#8221;<\/p><p>Wir wollen uns daranhalten und Beten: &#8220;Danke lieber himmlischer Vater f\u00fcr Segen, Weisheit und K\u00fchnheit. Hilf uns bitte weiterhin klar, verst\u00e4ndlich und einfach zu sein. Amen!<\/p><p>Und ach ja, Danke f\u00fcr das neue Logo! Amen.<\/p><p>Die liebe unseres Herrn Jesus Christus sei mit euch allen!<\/p>\t\t\t\t\t\t\t\t<\/div>\n\t\t\t\t\t<\/div>\n\t\t\t\t<\/div>\n\t\t\t\t<\/div>\n\t\t","protected":false},"excerpt":{"rendered":"<p>Dem Herrn sei es gedankt! Wir haben ein neues Logo sowie Schriftzug! In Matth\u00e4us 6 Vers 7 steht: &#8220;Und wenn ihr betet, sollt ihr nicht viel plappern wie die Heiden; denn sie meinen, sie werden erh\u00f6rt, wenn sie viele Worte machen.&#8221; Wir wollen uns daranhalten und Beten: &#8220;Danke lieber himmlischer Vater f\u00fcr Segen, Weisheit und [&hellip;]<\/p>\n","protected":false},"author":1,"featured_media":749,"comment_status":"open","ping_status":"open","sticky":false,"template":"","format":"standard","meta":{"footnotes":""},"categories":[14,4,44,15,36],"tags":[31],"class_list":["post-726","post","type-post","status-publish","format-standard","has-post-thumbnail","hentry","category-allgemein","category-gott","category-news","category-timo-thejus","category-welt","tag-gott"],"_links":{"self":[{"href":"https:\/\/org.ef-urbich.de\/index.php?rest_route=\/wp\/v2\/posts\/726","targetHints":{"allow":["GET"]}}],"collection":[{"href":"https:\/\/org.ef-urbich.de\/index.php?rest_route=\/wp\/v2\/posts"}],"about":[{"href":"https:\/\/org.ef-urbich.de\/index.php?rest_route=\/wp\/v2\/types\/post"}],"author":[{"embeddable":true,"href":"https:\/\/org.ef-urbich.de\/index.php?rest_route=\/wp\/v2\/users\/1"}],"replies":[{"embeddable":true,"href":"https:\/\/org.ef-urbich.de\/index.php?rest_route=%2Fwp%2Fv2%2Fcomments&post=726"}],"version-history":[{"count":0,"href":"https:\/\/org.ef-urbich.de\/index.php?rest_route=\/wp\/v2\/posts\/726\/revisions"}],"wp:featuredmedia":[{"embeddable":true,"href":"https:\/\/org.ef-urbich.de\/index.php?rest_route=\/wp\/v2\/media\/749"}],"wp:attachment":[{"href":"https:\/\/org.ef-urbich.de\/index.php?rest_route=%2Fwp%2Fv2%2Fmedia&parent=726"}],"wp:term":[{"taxonomy":"category","embeddable":true,"href":"https:\/\/org.ef-urbich.de\/index.php?rest_route=%2Fwp%2Fv2%2Fcategories&post=726"},{"taxonomy":"post_tag","embeddable":true,"href":"https:\/\/org.ef-urbich.de\/index.php?rest_route=%2Fwp%2Fv2%2Ftags&post=726"}],"curies":[{"name":"wp","href":"https:\/\/api.w.org\/{rel}","templated":true}]}}