{"id":686,"date":"2024-08-28T00:19:41","date_gmt":"2024-08-27T22:19:41","guid":{"rendered":"https:\/\/das-original.com\/?p=686"},"modified":"2024-08-28T00:19:41","modified_gmt":"2024-08-27T22:19:41","slug":"wer-vater-und-mutter-ehrt-tut-sich-selbst-was-gutes","status":"publish","type":"post","link":"https:\/\/org.ef-urbich.de\/?p=686","title":{"rendered":"Wer Vater und Mutter ehrt, tut sich selbst was gutes!"},"content":{"rendered":"\t\t<div data-elementor-type=\"wp-post\" data-elementor-id=\"686\" class=\"elementor elementor-686\" data-elementor-post-type=\"post\">\n\t\t\t\t<div class=\"elementor-element elementor-element-a1b430b e-flex e-con-boxed e-con e-parent\" data-id=\"a1b430b\" data-element_type=\"container\" data-e-type=\"container\">\n\t\t\t\t\t<div class=\"e-con-inner\">\n\t\t\t\t<div class=\"elementor-element elementor-element-bb9cb94 elementor-widget elementor-widget-text-editor\" data-id=\"bb9cb94\" data-element_type=\"widget\" data-e-type=\"widget\" data-widget_type=\"text-editor.default\">\n\t\t\t\t\t\t\t\t\t<p>In der Bibel im Alten Testament, vorne bei Mose (5. Mose 5 Vers 16): &#8220;Du sollst deinen Vater und deine Mutter ehren, wie dir der HERR, dein Gott, geboten hat, auf dass du lange lebest und dir\u2019s wohlgehe in dem Lande, das dir der HERR, dein Gott, geben wird.&#8221;<\/p><p>Jeder hat ein Land von Gott gegeben bekommen. Meins ist z.B. (zum Beispiel) Th\u00fcringen. Und darin soll es mir gut gehen, wenn ich meine Mutter und Vater Ehre.<\/p><p>F\u00fcr jeden kann Ehrung etwas anderes sein. Ehre erkennt man unter anderem daran, dass man einem anderen etwas Gutes tut ohne auf seinen eigenen Vorteil\/Nutzen zu schauen.<\/p><p>Selbst verst\u00e4ndlich kann und soll man diesen haben. Es sollte aber nicht die treibende Kraft hinter allem sein.<\/p><p>Ich pers\u00f6nlich bin Unternehmer und Informatiker. Wenn meine Eltern also Probleme mit IT-Devices haben, dann schicke ich keinen Mitarbeiter, sondern k\u00fcmmere mich pers\u00f6nlich um solche anliegen.<\/p><p>Es geht hier darum, seinen Eltern etwas Gutes zu tun. Und das macht man immer wieder und wieder und wieder und wie&#8230; Ihr versteht \ud83d\ude42<\/p><p>Denn eure Mutter hat nie aufgeh\u00f6rt euch zu stillen und euer Vater nicht aufgeh\u00f6rt euch zu lieben.<\/p><p>Was? Ihr habt eins oder beides nicht gehabt? Dann gibt es immer noch Gott, der immer f\u00fcr dich da war. Die Luft, die du atmest, die Gedanken, die du hast, die Freude, die du empfindest, all das sch\u00f6ne in der Welt gehen auf Gottes Konto.<\/p><p>Und je nach Beteiligung auch auf das Konto seiner Kinder. Ich habe zwar sicher auch ein gut gef\u00fclltes Konto. Aber wie manch einer in der Welt sch\u00e4tze sammelt, so sammle ich meine Sch\u00e4tze im Himmel und bin weiter ein freundlicher und hilfsbereiter Christ!<\/p><p>Die liebe des Herrn Jesus Christus sei mit euch!<br \/>In br\u00fcderlicher Liebe<br \/>Timo-Thejus<\/p><p>\u00a0<\/p>\t\t\t\t\t\t\t\t<\/div>\n\t\t\t\t\t<\/div>\n\t\t\t\t<\/div>\n\t\t\t\t<\/div>\n\t\t","protected":false},"excerpt":{"rendered":"<p>In der Bibel im Alten Testament, vorne bei Mose (5. Mose 5 Vers 16): &#8220;Du sollst deinen Vater und deine Mutter ehren, wie dir der HERR, dein Gott, geboten hat, auf dass du lange lebest und dir\u2019s wohlgehe in dem Lande, das dir der HERR, dein Gott, geben wird.&#8221; Jeder hat ein Land von Gott [&hellip;]<\/p>\n","protected":false},"author":1,"featured_media":703,"comment_status":"open","ping_status":"open","sticky":false,"template":"","format":"standard","meta":{"footnotes":""},"categories":[14,29,4,15],"tags":[133,31],"class_list":["post-686","post","type-post","status-publish","format-standard","has-post-thumbnail","hentry","category-allgemein","category-gedanken","category-gott","category-timo-thejus","tag-ehre","tag-gott"],"_links":{"self":[{"href":"https:\/\/org.ef-urbich.de\/index.php?rest_route=\/wp\/v2\/posts\/686","targetHints":{"allow":["GET"]}}],"collection":[{"href":"https:\/\/org.ef-urbich.de\/index.php?rest_route=\/wp\/v2\/posts"}],"about":[{"href":"https:\/\/org.ef-urbich.de\/index.php?rest_route=\/wp\/v2\/types\/post"}],"author":[{"embeddable":true,"href":"https:\/\/org.ef-urbich.de\/index.php?rest_route=\/wp\/v2\/users\/1"}],"replies":[{"embeddable":true,"href":"https:\/\/org.ef-urbich.de\/index.php?rest_route=%2Fwp%2Fv2%2Fcomments&post=686"}],"version-history":[{"count":0,"href":"https:\/\/org.ef-urbich.de\/index.php?rest_route=\/wp\/v2\/posts\/686\/revisions"}],"wp:featuredmedia":[{"embeddable":true,"href":"https:\/\/org.ef-urbich.de\/index.php?rest_route=\/wp\/v2\/media\/703"}],"wp:attachment":[{"href":"https:\/\/org.ef-urbich.de\/index.php?rest_route=%2Fwp%2Fv2%2Fmedia&parent=686"}],"wp:term":[{"taxonomy":"category","embeddable":true,"href":"https:\/\/org.ef-urbich.de\/index.php?rest_route=%2Fwp%2Fv2%2Fcategories&post=686"},{"taxonomy":"post_tag","embeddable":true,"href":"https:\/\/org.ef-urbich.de\/index.php?rest_route=%2Fwp%2Fv2%2Ftags&post=686"}],"curies":[{"name":"wp","href":"https:\/\/api.w.org\/{rel}","templated":true}]}}