{"id":657,"date":"2024-08-24T01:38:44","date_gmt":"2024-08-23T23:38:44","guid":{"rendered":"https:\/\/das-original.com\/?p=657"},"modified":"2024-08-24T01:38:44","modified_gmt":"2024-08-23T23:38:44","slug":"sommerfest-in-der-nwg-erfurt24-08-24","status":"publish","type":"post","link":"https:\/\/org.ef-urbich.de\/?p=657","title":{"rendered":"Sommerfest in der NWG-Erfurt(24.08.24)"},"content":{"rendered":"\t\t<div data-elementor-type=\"wp-post\" data-elementor-id=\"657\" class=\"elementor elementor-657\" data-elementor-post-type=\"post\">\n\t\t\t\t<div class=\"elementor-element elementor-element-eeb004d e-flex e-con-boxed e-con e-parent\" data-id=\"eeb004d\" data-element_type=\"container\" data-e-type=\"container\">\n\t\t\t\t\t<div class=\"e-con-inner\">\n\t\t\t\t<div class=\"elementor-element elementor-element-e62d0a1 elementor-widget elementor-widget-text-editor\" data-id=\"e62d0a1\" data-element_type=\"widget\" data-e-type=\"widget\" data-widget_type=\"text-editor.default\">\n\t\t\t\t\t\t\t\t\t<p>Die Netzwerkgemeinde Erfurt feiert am 24.08.24 ihr Sommerfest. Es wird ein Schwein am Spie\u00df geben.\u00a0<\/p><p>Ablauf:<\/p><p>Am Spie\u00df brutzelt ein Schwein und f\u00fcr alles Weitere sorgt die Gemeinde gemeinsam (z.B. Getr\u00e4nke, Salate, Kekse,Obst \u2026)<\/p><p>Hast du den Wunsch zu sitzen? Dann w\u00e4re es besser, wenn du Camping St\u00fchle oder Picknick-Decken o.\u00e4. dabei hast.<\/p><p>Teller und Besteck sind auch mit zubringen.<\/p><p>Vielleicht noch eine Kaffeemaschine mitbringen?<\/p><p>Spa\u00df \ud83d\ude42<\/p><p>Wir w\u00fcnschen allen Teilnehmern viel spa\u00df.<\/p><p>Das Himmelreich<br \/>i.A. Timo-Thejus<\/p><p>Fragen etc. ans B\u00fcro (0361\/2119977) oder per Mail info@nwg-erfurt.de<\/p>\t\t\t\t\t\t\t\t<\/div>\n\t\t\t\t\t<\/div>\n\t\t\t\t<\/div>\n\t\t\t\t<\/div>\n\t\t","protected":false},"excerpt":{"rendered":"<p>Am 24.08.24 Feiert die Netzwerkgemeinde Erfurt ihr Sommerfest.  Es gibt Schwein am Spie\u00df und Selbstverpflegung. Party, gute Laune und hoffentlich Gottes Gegenwart.<\/p>\n","protected":false},"author":1,"featured_media":665,"comment_status":"open","ping_status":"open","sticky":false,"template":"","format":"standard","meta":{"footnotes":""},"categories":[44,15,36],"tags":[134,31],"class_list":["post-657","post","type-post","status-publish","format-standard","has-post-thumbnail","hentry","category-news","category-timo-thejus","category-welt","tag-erfurt","tag-gott"],"_links":{"self":[{"href":"https:\/\/org.ef-urbich.de\/index.php?rest_route=\/wp\/v2\/posts\/657","targetHints":{"allow":["GET"]}}],"collection":[{"href":"https:\/\/org.ef-urbich.de\/index.php?rest_route=\/wp\/v2\/posts"}],"about":[{"href":"https:\/\/org.ef-urbich.de\/index.php?rest_route=\/wp\/v2\/types\/post"}],"author":[{"embeddable":true,"href":"https:\/\/org.ef-urbich.de\/index.php?rest_route=\/wp\/v2\/users\/1"}],"replies":[{"embeddable":true,"href":"https:\/\/org.ef-urbich.de\/index.php?rest_route=%2Fwp%2Fv2%2Fcomments&post=657"}],"version-history":[{"count":0,"href":"https:\/\/org.ef-urbich.de\/index.php?rest_route=\/wp\/v2\/posts\/657\/revisions"}],"wp:featuredmedia":[{"embeddable":true,"href":"https:\/\/org.ef-urbich.de\/index.php?rest_route=\/wp\/v2\/media\/665"}],"wp:attachment":[{"href":"https:\/\/org.ef-urbich.de\/index.php?rest_route=%2Fwp%2Fv2%2Fmedia&parent=657"}],"wp:term":[{"taxonomy":"category","embeddable":true,"href":"https:\/\/org.ef-urbich.de\/index.php?rest_route=%2Fwp%2Fv2%2Fcategories&post=657"},{"taxonomy":"post_tag","embeddable":true,"href":"https:\/\/org.ef-urbich.de\/index.php?rest_route=%2Fwp%2Fv2%2Ftags&post=657"}],"curies":[{"name":"wp","href":"https:\/\/api.w.org\/{rel}","templated":true}]}}