{"id":596,"date":"2024-10-06T05:36:04","date_gmt":"2024-10-06T03:36:04","guid":{"rendered":"https:\/\/das-original.com\/?p=596"},"modified":"2024-10-06T05:36:04","modified_gmt":"2024-10-06T03:36:04","slug":"das-wort-zum-sonntag-wie-erkenne-ich-gottes-gaben","status":"publish","type":"post","link":"https:\/\/org.ef-urbich.de\/?p=596","title":{"rendered":"Das Wort zum Sonntag &#8211; &#8220;Wie erkenne ich Gottes Gaben?&#8221;"},"content":{"rendered":"\t\t<div data-elementor-type=\"wp-post\" data-elementor-id=\"596\" class=\"elementor elementor-596\" data-elementor-post-type=\"post\">\n\t\t\t\t<div class=\"elementor-element elementor-element-24772b5 e-grid e-con-boxed e-con e-parent\" data-id=\"24772b5\" data-element_type=\"container\" data-e-type=\"container\">\n\t\t\t\t\t<div class=\"e-con-inner\">\n\t\t\t\t<div class=\"elementor-element elementor-element-4376896 elementor-widget elementor-widget-image\" data-id=\"4376896\" data-element_type=\"widget\" data-e-type=\"widget\" data-widget_type=\"image.default\">\n\t\t\t\t\t\t\t\t\t\t\t\t\t\t\t<img fetchpriority=\"high\" decoding=\"async\" width=\"640\" height=\"427\" src=\"https:\/\/org.ef-urbich.de\/wp-content\/uploads\/2024\/10\/Erntedank_Kirche-1024x683.jpg\" class=\"attachment-large size-large wp-image-1004\" alt=\"Traditionelle, schlichte Erntedank Kirchengestaltung\" srcset=\"https:\/\/org.ef-urbich.de\/wp-content\/uploads\/2024\/10\/Erntedank_Kirche-1024x683.jpg 1024w, https:\/\/org.ef-urbich.de\/wp-content\/uploads\/2024\/10\/Erntedank_Kirche-300x200.jpg 300w, https:\/\/org.ef-urbich.de\/wp-content\/uploads\/2024\/10\/Erntedank_Kirche-768x512.jpg 768w, https:\/\/org.ef-urbich.de\/wp-content\/uploads\/2024\/10\/Erntedank_Kirche-1536x1024.jpg 1536w, https:\/\/org.ef-urbich.de\/wp-content\/uploads\/2024\/10\/Erntedank_Kirche.jpg 1920w\" sizes=\"(max-width: 640px) 100vw, 640px\" \/>\t\t\t\t\t\t\t\t\t\t\t\t\t\t\t<\/div>\n\t\t\t\t<div class=\"elementor-element elementor-element-d85d64e elementor-widget elementor-widget-text-editor\" data-id=\"d85d64e\" data-element_type=\"widget\" data-e-type=\"widget\" data-widget_type=\"text-editor.default\">\n\t\t\t\t\t\t\t\t\t<p>Am heutigen Sonntag (Erntedankfest) widmen wir uns ein wenig mehr von Gottes Gaben. Aber was sind Gottes Gaben? Wie erkenne ich diese? Schenkt Gott diese heute noch? Warum kenne ich niemanden mit Gottes Gaben?<\/p><p>Einigen dieser Fragen wollen wir nachgehen und sollen ein Einstieg in das Thema sein um es pers\u00f6nlich mit Gott zu bedenken\/besprechen.<\/p>\t\t\t\t\t\t\t\t<\/div>\n\t\t\t\t<div class=\"elementor-element elementor-element-3c075d5 elementor-widget elementor-widget-text-editor\" data-id=\"3c075d5\" data-element_type=\"widget\" data-e-type=\"widget\" data-widget_type=\"text-editor.default\">\n\t\t\t\t\t\t\t\t\t<p>Wenn man an Gottes Gaben denkt, wird oft auf Physisch gro\u00dfe Dinge hingewiesen. Wie die Arche Noah. Der Mauereinsturz von? &#8230;<\/p><p>Die Stadtmauer von Jericho ist z.B. vom Herrn mal zum Einsturz gebracht wurden.<\/p><p>David hat ein ganzes K\u00f6nigreich errichtet und und und&#8230;<\/p>\t\t\t\t\t\t\t\t<\/div>\n\t\t\t\t<div class=\"elementor-element elementor-element-742c258 elementor-widget elementor-widget-image\" data-id=\"742c258\" data-element_type=\"widget\" data-e-type=\"widget\" data-widget_type=\"image.default\">\n\t\t\t\t\t\t\t\t\t\t\t\t\t\t\t<img decoding=\"async\" width=\"640\" height=\"427\" src=\"https:\/\/org.ef-urbich.de\/wp-content\/uploads\/2024\/10\/Erntedank_Arche-Noah-1024x683.jpg\" class=\"attachment-large size-large wp-image-1006\" alt=\"Erntedank Freiluft Dekoration - Arche Noah\" srcset=\"https:\/\/org.ef-urbich.de\/wp-content\/uploads\/2024\/10\/Erntedank_Arche-Noah-1024x683.jpg 1024w, https:\/\/org.ef-urbich.de\/wp-content\/uploads\/2024\/10\/Erntedank_Arche-Noah-300x200.jpg 300w, https:\/\/org.ef-urbich.de\/wp-content\/uploads\/2024\/10\/Erntedank_Arche-Noah-768x512.jpg 768w, https:\/\/org.ef-urbich.de\/wp-content\/uploads\/2024\/10\/Erntedank_Arche-Noah-1536x1024.jpg 1536w, https:\/\/org.ef-urbich.de\/wp-content\/uploads\/2024\/10\/Erntedank_Arche-Noah.jpg 1920w\" sizes=\"(max-width: 640px) 100vw, 640px\" \/>\t\t\t\t\t\t\t\t\t\t\t\t\t\t\t<\/div>\n\t\t\t\t\t<\/div>\n\t\t\t\t<\/div>\n\t\t<div class=\"elementor-element elementor-element-f2cdd2c e-grid e-con-boxed e-con e-parent\" data-id=\"f2cdd2c\" data-element_type=\"container\" data-e-type=\"container\">\n\t\t\t\t\t<div class=\"e-con-inner\">\n\t\t\t\t<div class=\"elementor-element elementor-element-93454fb elementor-widget elementor-widget-image\" data-id=\"93454fb\" data-element_type=\"widget\" data-e-type=\"widget\" data-widget_type=\"image.default\">\n\t\t\t\t\t\t\t\t\t\t\t\t\t\t\t<img decoding=\"async\" width=\"640\" height=\"360\" src=\"https:\/\/org.ef-urbich.de\/wp-content\/uploads\/2024\/10\/Erntedank_Holzkarre-1024x576.jpg\" class=\"attachment-large size-large wp-image-1005\" alt=\"Holzkarre f\u00fcr Erntedank dekoriert\" srcset=\"https:\/\/org.ef-urbich.de\/wp-content\/uploads\/2024\/10\/Erntedank_Holzkarre-1024x576.jpg 1024w, https:\/\/org.ef-urbich.de\/wp-content\/uploads\/2024\/10\/Erntedank_Holzkarre-300x169.jpg 300w, https:\/\/org.ef-urbich.de\/wp-content\/uploads\/2024\/10\/Erntedank_Holzkarre-768x432.jpg 768w, https:\/\/org.ef-urbich.de\/wp-content\/uploads\/2024\/10\/Erntedank_Holzkarre-1536x864.jpg 1536w, https:\/\/org.ef-urbich.de\/wp-content\/uploads\/2024\/10\/Erntedank_Holzkarre-1280x720.jpg 1280w, https:\/\/org.ef-urbich.de\/wp-content\/uploads\/2024\/10\/Erntedank_Holzkarre.jpg 1920w\" sizes=\"(max-width: 640px) 100vw, 640px\" \/>\t\t\t\t\t\t\t\t\t\t\t\t\t\t\t<\/div>\n\t\t\t\t<div class=\"elementor-element elementor-element-619feed elementor-widget elementor-widget-text-editor\" data-id=\"619feed\" data-element_type=\"widget\" data-e-type=\"widget\" data-widget_type=\"text-editor.default\">\n\t\t\t\t\t\t\t\t\t<p>Jedoch wird oft \u00fcber eine der offensichtlichsten Gaben Gottes hinweggeschaut. Ich spreche von einer guten Ernte. Eine gute Ernte ist der Eckpfeiler einer jeden funktionierenden Gesellschaft. Ganz abgesehen davon, das ein Gro\u00dfteil der Bev\u00f6lkerung schlechte Ernten nicht gut \u00fcberstehen w\u00fcrden.<\/p>\t\t\t\t\t\t\t\t<\/div>\n\t\t\t\t\t<\/div>\n\t\t\t\t<\/div>\n\t\t<div class=\"elementor-element elementor-element-4af5936 e-flex e-con-boxed e-con e-parent\" data-id=\"4af5936\" data-element_type=\"container\" data-e-type=\"container\">\n\t\t\t\t\t<div class=\"e-con-inner\">\n\t\t\t\t<div class=\"elementor-element elementor-element-dd94761 elementor-widget elementor-widget-text-editor\" data-id=\"dd94761\" data-element_type=\"widget\" data-e-type=\"widget\" data-widget_type=\"text-editor.default\">\n\t\t\t\t\t\t\t\t\t<p>Zudem gibt es die Gabe der Heilung, die Gabe sich mit Gott pers\u00f6nlich zu unterhalten, Gaben in H\u00fclle und F\u00fclle. Wie gelange ich nun an all diese wunderbaren dinge, deren Oberfl\u00e4che wir nicht mal angekratzt haben?<\/p><p>Wir lesen in Gottes Wort (der Bibel) wie wir Gott wohlgef\u00e4llig leben k\u00f6nnen und im Anschluss lebt man nach Gottes Ratschluss.<\/p><p>Meine pers\u00f6nliche Empfehlung:<\/p><p>Matth\u00e4us 6<br \/>[33] Trachtet zuerst nach dem Reich Gottes und nach seiner Gerechtigkeit, so wird euch das alles zufallen.<\/p><p>In diesem Sinne meine lieben Br\u00fcder<br \/>Die liebe und Gnade unseres Herrn Jesus Christus sei mit euch allen!<\/p>\t\t\t\t\t\t\t\t<\/div>\n\t\t\t\t\t<\/div>\n\t\t\t\t<\/div>\n\t\t\t\t<\/div>\n\t\t","protected":false},"excerpt":{"rendered":"<p>Gottes gaben sind so vielf\u00e4ltig wie er selbst. Jedoch vergessen wir zu oft, uns an diesen zu erfreuen. In diesem Beitrag erz\u00e4hle ich von ein paar eigenen Erfahrungen.<\/p>\n","protected":false},"author":1,"featured_media":1007,"comment_status":"open","ping_status":"open","sticky":false,"template":"","format":"standard","meta":{"footnotes":""},"categories":[24,4],"tags":[130,138,31,196],"class_list":["post-596","post","type-post","status-publish","format-standard","has-post-thumbnail","hentry","category-das-wort-zum-sonntag","category-gott","tag-dankbarkeit","tag-gaben","tag-gott","tag-heilung"],"_links":{"self":[{"href":"https:\/\/org.ef-urbich.de\/index.php?rest_route=\/wp\/v2\/posts\/596","targetHints":{"allow":["GET"]}}],"collection":[{"href":"https:\/\/org.ef-urbich.de\/index.php?rest_route=\/wp\/v2\/posts"}],"about":[{"href":"https:\/\/org.ef-urbich.de\/index.php?rest_route=\/wp\/v2\/types\/post"}],"author":[{"embeddable":true,"href":"https:\/\/org.ef-urbich.de\/index.php?rest_route=\/wp\/v2\/users\/1"}],"replies":[{"embeddable":true,"href":"https:\/\/org.ef-urbich.de\/index.php?rest_route=%2Fwp%2Fv2%2Fcomments&post=596"}],"version-history":[{"count":0,"href":"https:\/\/org.ef-urbich.de\/index.php?rest_route=\/wp\/v2\/posts\/596\/revisions"}],"wp:featuredmedia":[{"embeddable":true,"href":"https:\/\/org.ef-urbich.de\/index.php?rest_route=\/wp\/v2\/media\/1007"}],"wp:attachment":[{"href":"https:\/\/org.ef-urbich.de\/index.php?rest_route=%2Fwp%2Fv2%2Fmedia&parent=596"}],"wp:term":[{"taxonomy":"category","embeddable":true,"href":"https:\/\/org.ef-urbich.de\/index.php?rest_route=%2Fwp%2Fv2%2Fcategories&post=596"},{"taxonomy":"post_tag","embeddable":true,"href":"https:\/\/org.ef-urbich.de\/index.php?rest_route=%2Fwp%2Fv2%2Ftags&post=596"}],"curies":[{"name":"wp","href":"https:\/\/api.w.org\/{rel}","templated":true}]}}