{"id":421,"date":"2024-07-21T02:23:56","date_gmt":"2024-07-21T00:23:56","guid":{"rendered":"https:\/\/das-original.com\/?p=421"},"modified":"2025-07-27T19:14:19","modified_gmt":"2025-07-27T19:14:19","slug":"timo-thejus-auf-reisen-erfurter-puffbohnen-besuchen-erfurter-anger","status":"publish","type":"post","link":"https:\/\/org.ef-urbich.de\/?p=421","title":{"rendered":"Timo-Thejus auf Reisen: &#8220;Erfurter Puffbohnen besuchen Erfurter Anger&#8221;"},"content":{"rendered":"\n<p>Ein kleiner Einblick \u00fcber unseren(Petra, Gott, ich) Besuch des Erfurter Anger. Gut ger\u00fcstet ging es heute auf Reisen. Ein kleines Fr\u00fchst\u00fcck, etwas Gebetszeit und schon ging es los.<\/p>\n\n\n\n<!--more-->\n\n\n\n<h2 class=\"wp-block-heading\">Station 1 &#8211; Vor meinem Haus<\/h2>\n\n\n\n<div class=\"wp-block-media-text is-stacked-on-mobile is-vertically-aligned-top\"><figure class=\"wp-block-media-text__media\"><img fetchpriority=\"high\" decoding=\"async\" width=\"1024\" height=\"771\" src=\"https:\/\/org.ef-urbich.de\/wp-content\/uploads\/2024\/07\/Tagesausflug-mit-Petra_1-1024x771.webp\" alt=\"Timo-Thejus auf Asphaltstra\u00dfe mit Wohnhaus und parkenden Fahrzeugen im Hintergrund.\" class=\"wp-image-453 size-full\" srcset=\"https:\/\/org.ef-urbich.de\/wp-content\/uploads\/2024\/07\/Tagesausflug-mit-Petra_1-1024x771.webp 1024w, https:\/\/org.ef-urbich.de\/wp-content\/uploads\/2024\/07\/Tagesausflug-mit-Petra_1-300x226.webp 300w, https:\/\/org.ef-urbich.de\/wp-content\/uploads\/2024\/07\/Tagesausflug-mit-Petra_1-768x579.webp 768w, https:\/\/org.ef-urbich.de\/wp-content\/uploads\/2024\/07\/Tagesausflug-mit-Petra_1.webp 1370w\" sizes=\"(max-width: 1024px) 100vw, 1024px\" \/><\/figure><div class=\"wp-block-media-text__content\">\n<p>Die Station ist erw\u00e4hnenswert. Gott riet mir am Vortag meinen Rollator bereit zu machen. Dieser w\u00fcrde n\u00fctzlich sein. Jedoch sind vor meiner Haust\u00fcr ca. 10 stufen. Und so musste ich den leicht bepackten Rollator die Treppe hinunter tragen. Mit der inzwischen zur\u00fcck gewonnen Kraft, war dies jedoch machbar. Unten wartete Petra (meine Mutti) mit ihrem Senioren-Mobil auf mich.<\/p>\n<\/div><\/div>\n\n\n\n<h2 class=\"wp-block-heading\">Station 2 &#8211; Weg bis einschlie\u00dflich Haltestelle Melchendorf<\/h2>\n\n\n\n<div class=\"wp-block-media-text has-media-on-the-right is-stacked-on-mobile is-vertically-aligned-top\"><div class=\"wp-block-media-text__content\">\n<p>Bei bestem Sonnenschein machten wir uns auf. Dank eines gut gef\u00fcllten isolierten Korbes, haben wir reichlich frisches Nass dabei gehabt. Dieses mal war &#8220;Staatl. Fachinger&#8221; das Wasser des Tages. Bei einigen kleinen Pausen im Schatten konnte ich schon die Annehmlichkeit des Sitzes vom Rollator in Anspruch nehmen.<\/p>\n<\/div><figure class=\"wp-block-media-text__media\"><img decoding=\"async\" width=\"1024\" height=\"771\" src=\"https:\/\/org.ef-urbich.de\/wp-content\/uploads\/2024\/07\/Tagesausflug-mit-Petra_2-1024x771.webp\" alt=\"Timo-Thejus mit Hut auf dem Dreckweg zur Haltestelle Melchendorf\" class=\"wp-image-452 size-full\" srcset=\"https:\/\/org.ef-urbich.de\/wp-content\/uploads\/2024\/07\/Tagesausflug-mit-Petra_2-1024x771.webp 1024w, https:\/\/org.ef-urbich.de\/wp-content\/uploads\/2024\/07\/Tagesausflug-mit-Petra_2-300x226.webp 300w, https:\/\/org.ef-urbich.de\/wp-content\/uploads\/2024\/07\/Tagesausflug-mit-Petra_2-768x579.webp 768w, https:\/\/org.ef-urbich.de\/wp-content\/uploads\/2024\/07\/Tagesausflug-mit-Petra_2.webp 1285w\" sizes=\"(max-width: 1024px) 100vw, 1024px\" \/><\/figure><\/div>\n\n\n\n<h2 class=\"wp-block-heading\">Station 3 &#8211; Anger<\/h2>\n\n\n\n<div class=\"wp-block-media-text is-stacked-on-mobile is-vertically-aligned-top\"><figure class=\"wp-block-media-text__media\"><img decoding=\"async\" width=\"1024\" height=\"771\" src=\"https:\/\/org.ef-urbich.de\/wp-content\/uploads\/2024\/07\/Tagesausflug-mit-Petra_4-1024x771.webp\" alt=\"Petra sitzt auf Ihrem Senioren-Mobil. Daneben steht Timo-Thejus sein Rollator.\" class=\"wp-image-450 size-full\" srcset=\"https:\/\/org.ef-urbich.de\/wp-content\/uploads\/2024\/07\/Tagesausflug-mit-Petra_4-1024x771.webp 1024w, https:\/\/org.ef-urbich.de\/wp-content\/uploads\/2024\/07\/Tagesausflug-mit-Petra_4-300x226.webp 300w, https:\/\/org.ef-urbich.de\/wp-content\/uploads\/2024\/07\/Tagesausflug-mit-Petra_4-768x578.webp 768w, https:\/\/org.ef-urbich.de\/wp-content\/uploads\/2024\/07\/Tagesausflug-mit-Petra_4.webp 1198w\" sizes=\"(max-width: 1024px) 100vw, 1024px\" \/><\/figure><div class=\"wp-block-media-text__content\">\n<p>Der Weg war das Ziel. Jedoch ist der Anger immer wieder einen Blick wert. Von der Unver\u00e4nderlichkeit der &#8220;Anger Uhr&#8221; bis hin zum stetig der Jahreszeit passenden Atmosph\u00e4re war vieles gleichzeitig der &#8220;erste Eindruck&#8221;. Besonders positiv hat mir das Helle Umfeld gefallen. Ganz anders als erwartet.<\/p>\n\n\n\n<p>W\u00e4hrend alles auf mich einstr\u00f6mte, erinnerte der Herr mich daran, das er auch noch da ist. Ich war wirklich aufgeregt. Aber alles hat seine Zeit. Und so planten Petra und ich unsere n\u00e4chsten Schritte im Getummel des Anger mit angenehmen Freiraum.<\/p>\n<\/div><\/div>\n\n\n\n<h2 class=\"wp-block-heading\">Das Dreieck<\/h2>\n\n\n\n<ol class=\"wp-block-list\">\n<li>Optiker: Ein kurzer Besuch bei &#8220;proOptik&#8221; und der lockere Brillenb\u00fcgel von Petra war wieder fest. Bei dem Blick in die Sonnenbrillenabteilung wurde ich leider nicht f\u00fcndig.<\/li>\n\n\n\n<li>Vom Optiker machten wir uns auf zum F1. Kurz die Getr\u00e4nke im  Gesch\u00e4ft nachgekauft. Und welch Zufall, wir treffen meine Schwester Miriam. Nach einem kurzen Plausch und etwas Segnung ging es weiter.<\/li>\n\n\n\n<li>Im New Yorker fand ich leider auch keine Sonnenbrille. Das st\u00f6rte nicht. Denn die n\u00e4chste Station war:<\/li>\n<\/ol>\n\n\n\n<h2 class=\"wp-block-heading\">Station 4 &#8211; Roma am Anger<\/h2>\n\n\n\n<div class=\"wp-block-media-text has-media-on-the-right is-stacked-on-mobile is-vertically-aligned-top\"><div class=\"wp-block-media-text__content\">\n<p>Im Roma kehrten wir ein und haben und bei einer k\u00f6stlichen &#8220;Angerpfanne&#8221; gest\u00e4rkt. Nach einer kurzen Nachlieferung von Eisw\u00fcrfeln waren die Getr\u00e4nke auch angenehm kalt. Nach zwei Jahren Krankenhaus Krankheit und vielem, gab es einiges zu besprechen. Wir tranken, a\u00dfen, beteten und dankten gemeinsam. Gut gest\u00e4rkt machten wir uns auf ins Anger 1.<\/p>\n<\/div><figure class=\"wp-block-media-text__media\"><img loading=\"lazy\" decoding=\"async\" width=\"1024\" height=\"771\" src=\"https:\/\/org.ef-urbich.de\/wp-content\/uploads\/2024\/07\/Tagesausflug-mit-Petra_5-1024x771.webp\" alt=\"Teller mit der &quot;Angerpfanne&quot; im Restaurant &quot;Roma&quot; am Anger.\" class=\"wp-image-449 size-full\" srcset=\"https:\/\/org.ef-urbich.de\/wp-content\/uploads\/2024\/07\/Tagesausflug-mit-Petra_5-1024x771.webp 1024w, https:\/\/org.ef-urbich.de\/wp-content\/uploads\/2024\/07\/Tagesausflug-mit-Petra_5-300x226.webp 300w, https:\/\/org.ef-urbich.de\/wp-content\/uploads\/2024\/07\/Tagesausflug-mit-Petra_5-768x578.webp 768w, https:\/\/org.ef-urbich.de\/wp-content\/uploads\/2024\/07\/Tagesausflug-mit-Petra_5-1536x1157.webp 1536w, https:\/\/org.ef-urbich.de\/wp-content\/uploads\/2024\/07\/Tagesausflug-mit-Petra_5.webp 1920w\" sizes=\"(max-width: 1024px) 100vw, 1024px\" \/><\/figure><\/div>\n\n\n\n<h2 class=\"wp-block-heading\">Station 5 &#8211; Anger 1<\/h2>\n\n\n\n<div class=\"wp-block-media-text is-stacked-on-mobile is-vertically-aligned-top\"><figure class=\"wp-block-media-text__media\"><img loading=\"lazy\" decoding=\"async\" width=\"1024\" height=\"771\" src=\"https:\/\/org.ef-urbich.de\/wp-content\/uploads\/2024\/07\/Tagesausflug-mit-Petra_6-1024x771.webp\" alt=\"Timo-Thejus im Karstadt - Anger 1 in Erfurt bei dem Sonnenbrillenkauf. Timo-Thejus steht leger leicht gest\u00fctzt auf seinem Gehstock.\" class=\"wp-image-448 size-full\" srcset=\"https:\/\/org.ef-urbich.de\/wp-content\/uploads\/2024\/07\/Tagesausflug-mit-Petra_6-1024x771.webp 1024w, https:\/\/org.ef-urbich.de\/wp-content\/uploads\/2024\/07\/Tagesausflug-mit-Petra_6-300x226.webp 300w, https:\/\/org.ef-urbich.de\/wp-content\/uploads\/2024\/07\/Tagesausflug-mit-Petra_6-768x578.webp 768w, https:\/\/org.ef-urbich.de\/wp-content\/uploads\/2024\/07\/Tagesausflug-mit-Petra_6-1536x1157.webp 1536w, https:\/\/org.ef-urbich.de\/wp-content\/uploads\/2024\/07\/Tagesausflug-mit-Petra_6.webp 1920w\" sizes=\"(max-width: 1024px) 100vw, 1024px\" \/><\/figure><div class=\"wp-block-media-text__content\">\n<p>Im Anger 1 \u00fcberzeugte sofort das gut aussehende Eis. Lecker war es obendrein. Im Karstadt fand ich zu meiner Freude eine sehr schicke, qualitativ hochwertige Sonnenbrille zu einem \u00fcberraschend fairen preis. Dank unserer sehr guten Infrastruktur waren wir in kurze zeit vom Stadtkern bis zum Melchendorfer Markt gefahren. Im Aldi haben Petra und ich noch ein paar Kleinigkeiten f\u00fcr den Sonntag eingekauft.<\/p>\n<\/div><\/div>\n\n\n\n<h2 class=\"wp-block-heading\">Station 6 &#8211; Zuhause<\/h2>\n\n\n\n<p>Das Ende der Reise ist der beginn einer neuen! In meinem Fall beginnt\/endet diese in einem wundersch\u00f6nen, ruhigen und mir sehr wohltuendem Zuhause, wof\u00fcr ich dem Herrn Tag f\u00fcr Tag dankbar bin. Das ist leicht. Denn ich wache dort inzwischen wieder zumeist auf \ud83d\ude42 Dann denk man Automatisch dran. Und au\u00dferdem, wenn man sich mit dem Herrn Unterh\u00e4lt, dann kann man auch mal danke sagen.<\/p>\n\n\n\n<p>&#8220;Wer Ohren hat der h\u00f6re!&#8221;. Und kann es mir gerne sagen das er h\u00f6rt. Dann h\u00f6ren wir zusammen.<\/p>\n\n\n\n<p>Die Liebe und Gnade unseres Herrn Jesus Christus sei mit euch allen! Amen!<\/p>\n\n\n\n<p>Es gr\u00fc\u00dft euch<br>Bruder Timo-Thejus<\/p>\n\n\n\n<p>p.S. Die Schnappsch\u00fcsse<\/p>\n\n\n<ul data-count=\"0\" class=\"wp-block-gallery alignundefined columns-3 is-cropped\"><\/ul>","protected":false},"excerpt":{"rendered":"<p>Ein kleiner Einblick \u00fcber unseren(Petra, Gott, ich) Besuch des Erfurter Anger. Gut ger\u00fcstet ging es heute auf Reisen. Ein kleines Fr\u00fchst\u00fcck, etwas Gebetszeit und schon ging es los.<\/p>\n","protected":false},"author":1,"featured_media":445,"comment_status":"open","ping_status":"open","sticky":false,"template":"","format":"standard","meta":{"footnotes":""},"categories":[15,36],"tags":[123,31,198,200],"class_list":["post-421","post","type-post","status-publish","format-standard","has-post-thumbnail","hentry","category-timo-thejus","category-welt","tag-anger","tag-gott","tag-reisen","tag-tagesausflug"],"_links":{"self":[{"href":"https:\/\/org.ef-urbich.de\/index.php?rest_route=\/wp\/v2\/posts\/421","targetHints":{"allow":["GET"]}}],"collection":[{"href":"https:\/\/org.ef-urbich.de\/index.php?rest_route=\/wp\/v2\/posts"}],"about":[{"href":"https:\/\/org.ef-urbich.de\/index.php?rest_route=\/wp\/v2\/types\/post"}],"author":[{"embeddable":true,"href":"https:\/\/org.ef-urbich.de\/index.php?rest_route=\/wp\/v2\/users\/1"}],"replies":[{"embeddable":true,"href":"https:\/\/org.ef-urbich.de\/index.php?rest_route=%2Fwp%2Fv2%2Fcomments&post=421"}],"version-history":[{"count":1,"href":"https:\/\/org.ef-urbich.de\/index.php?rest_route=\/wp\/v2\/posts\/421\/revisions"}],"predecessor-version":[{"id":2353,"href":"https:\/\/org.ef-urbich.de\/index.php?rest_route=\/wp\/v2\/posts\/421\/revisions\/2353"}],"wp:featuredmedia":[{"embeddable":true,"href":"https:\/\/org.ef-urbich.de\/index.php?rest_route=\/wp\/v2\/media\/445"}],"wp:attachment":[{"href":"https:\/\/org.ef-urbich.de\/index.php?rest_route=%2Fwp%2Fv2%2Fmedia&parent=421"}],"wp:term":[{"taxonomy":"category","embeddable":true,"href":"https:\/\/org.ef-urbich.de\/index.php?rest_route=%2Fwp%2Fv2%2Fcategories&post=421"},{"taxonomy":"post_tag","embeddable":true,"href":"https:\/\/org.ef-urbich.de\/index.php?rest_route=%2Fwp%2Fv2%2Ftags&post=421"}],"curies":[{"name":"wp","href":"https:\/\/api.w.org\/{rel}","templated":true}]}}