{"id":2467,"date":"2025-12-07T21:55:06","date_gmt":"2025-12-07T20:55:06","guid":{"rendered":"https:\/\/das-original.com\/?p=2412"},"modified":"2025-12-09T14:02:03","modified_gmt":"2025-12-09T14:02:03","slug":"gesegneten-2-advent-2025","status":"publish","type":"post","link":"https:\/\/org.ef-urbich.de\/?p=2467","title":{"rendered":"Gesegneten 2. Advent 2025"},"content":{"rendered":"\t\t<div data-elementor-type=\"wp-post\" data-elementor-id=\"2467\" class=\"elementor elementor-2467\" data-elementor-post-type=\"post\">\n\t\t\t\t<div class=\"elementor-element elementor-element-4bf5b26 e-flex e-con-boxed e-con e-parent\" data-id=\"4bf5b26\" data-element_type=\"container\" data-e-type=\"container\">\n\t\t\t\t\t<div class=\"e-con-inner\">\n\t\t\t\t<div class=\"elementor-element elementor-element-26a7769 elementor-widget elementor-widget-text-editor\" data-id=\"26a7769\" data-element_type=\"widget\" data-e-type=\"widget\" data-widget_type=\"text-editor.default\">\n\t\t\t\t\t\t\t\t\t<p>Himmelreich Th\u00fcringen &#8211; Tag 305<\/p><p>Das Himmelreich Th\u00fcringen w\u00fcnscht allen Geschwistern, Freunden, Verwandten und Bekannten einen gesegneten 2. Advent.<\/p><p>Besinnt euch auf den Herrn und erwartet voll Freude seine Ankunft.<\/p><p style=\"text-align: center;\"><strong>Himmelreichgru\u00df<\/strong><br \/>[\u201cDem Herrn Zuliebe!\u201d sagen. 2 Schl\u00e4ge auf die Brust und den Arm zum Segnen bereit gen Himmel gestreckt.]<\/p>\t\t\t\t\t\t\t\t<\/div>\n\t\t\t\t\t<\/div>\n\t\t\t\t<\/div>\n\t\t\t\t<\/div>\n\t\t","protected":false},"excerpt":{"rendered":"<p>Himmelreich Th\u00fcringen &#8211; Tag 305 Das Himmelreich Th\u00fcringen w\u00fcnscht allen Geschwistern, Freunden, Verwandten und Bekannten einen gesegneten 2. Advent. Besinnt euch auf den Herrn und erwartet voll Freude seine Ankunft. Himmelreichgru\u00df[\u201cDem Herrn Zuliebe!\u201d sagen. 2 Schl\u00e4ge auf die Brust und den Arm zum Segnen bereit gen Himmel gestreckt.]<\/p>\n","protected":false},"author":1,"featured_media":2468,"comment_status":"open","ping_status":"open","sticky":false,"template":"","format":"standard","meta":{"footnotes":""},"categories":[14,66,2,44],"tags":[],"class_list":["post-2467","post","type-post","status-publish","format-standard","has-post-thumbnail","hentry","category-allgemein","category-das-original","category-himmelreich-thueringen","category-news"],"_links":{"self":[{"href":"https:\/\/org.ef-urbich.de\/index.php?rest_route=\/wp\/v2\/posts\/2467","targetHints":{"allow":["GET"]}}],"collection":[{"href":"https:\/\/org.ef-urbich.de\/index.php?rest_route=\/wp\/v2\/posts"}],"about":[{"href":"https:\/\/org.ef-urbich.de\/index.php?rest_route=\/wp\/v2\/types\/post"}],"author":[{"embeddable":true,"href":"https:\/\/org.ef-urbich.de\/index.php?rest_route=\/wp\/v2\/users\/1"}],"replies":[{"embeddable":true,"href":"https:\/\/org.ef-urbich.de\/index.php?rest_route=%2Fwp%2Fv2%2Fcomments&post=2467"}],"version-history":[{"count":1,"href":"https:\/\/org.ef-urbich.de\/index.php?rest_route=\/wp\/v2\/posts\/2467\/revisions"}],"predecessor-version":[{"id":2469,"href":"https:\/\/org.ef-urbich.de\/index.php?rest_route=\/wp\/v2\/posts\/2467\/revisions\/2469"}],"wp:featuredmedia":[{"embeddable":true,"href":"https:\/\/org.ef-urbich.de\/index.php?rest_route=\/wp\/v2\/media\/2468"}],"wp:attachment":[{"href":"https:\/\/org.ef-urbich.de\/index.php?rest_route=%2Fwp%2Fv2%2Fmedia&parent=2467"}],"wp:term":[{"taxonomy":"category","embeddable":true,"href":"https:\/\/org.ef-urbich.de\/index.php?rest_route=%2Fwp%2Fv2%2Fcategories&post=2467"},{"taxonomy":"post_tag","embeddable":true,"href":"https:\/\/org.ef-urbich.de\/index.php?rest_route=%2Fwp%2Fv2%2Ftags&post=2467"}],"curies":[{"name":"wp","href":"https:\/\/api.w.org\/{rel}","templated":true}]}}