{"id":2350,"date":"2025-09-27T00:26:42","date_gmt":"2025-09-26T22:26:42","guid":{"rendered":"https:\/\/das-original.com\/?p=2350"},"modified":"2025-09-27T00:26:42","modified_gmt":"2025-09-26T22:26:42","slug":"das-original-ein-herbstkommentar","status":"publish","type":"post","link":"https:\/\/org.ef-urbich.de\/?p=2350","title":{"rendered":"Das Original &#8211; Ein Herbstkommentar [T-234]"},"content":{"rendered":"\t\t<div data-elementor-type=\"wp-post\" data-elementor-id=\"2350\" class=\"elementor elementor-2350\" data-elementor-post-type=\"post\">\n\t\t\t\t<div class=\"elementor-element elementor-element-58cb167 e-flex e-con-boxed e-con e-parent\" data-id=\"58cb167\" data-element_type=\"container\" data-e-type=\"container\">\n\t\t\t\t\t<div class=\"e-con-inner\">\n\t\t\t\t<div class=\"elementor-element elementor-element-007aa18 elementor-widget elementor-widget-text-editor\" data-id=\"007aa18\" data-element_type=\"widget\" data-e-type=\"widget\" data-widget_type=\"text-editor.default\">\n\t\t\t\t\t\t\t\t\t<p style=\"text-align: center;\">Himmelreich Th\u00fcringen &#8211; Tag 234<\/p><p>Gelobt sei der Herr Jesus Christus \u2013 gekreuzigt am Kreuz von Golgatha, begraben am \u00d6lberg in Getsemani, auferstanden von den Toten, aufgefahren in den Himmel und sitzend zur Rechten des Vaters. Ihm sei Lob, Ehre, Preis und aller Dank der Gemeinschaft der letzten Christen in der Endzeit vor Jesu Wiederkunft und unserer aller Entr\u00fcckung. Wir danken Ihm von ganzem Herzen f\u00fcr das neue Medium der Kommunikation, durch das der Wille des Vaters in dieser finsteren und gottabgewandten Zeit weitergegeben werden kann. M\u00f6ge es der Gemeinschaft der letzten Christen zur St\u00e4rkung, Ermutigung und Ausrichtung dienen \u2013 bis zur Wiederkunft unseres Herrn und zur Entr\u00fcckung der Seinen.<\/p>\t\t\t\t\t\t\t\t<\/div>\n\t\t\t\t<div class=\"elementor-element elementor-element-2681ae4 elementor-widget elementor-widget-heading\" data-id=\"2681ae4\" data-element_type=\"widget\" data-e-type=\"widget\" data-widget_type=\"heading.default\">\n\t\t\t\t\t<h4 class=\"elementor-heading-title elementor-size-default\">Das Jahr 2026 r\u00fcckt mit gro\u00dfen Schritten n\u00e4her.<\/h4>\t\t\t\t<\/div>\n\t\t\t\t<div class=\"elementor-element elementor-element-0b044de elementor-widget elementor-widget-text-editor\" data-id=\"0b044de\" data-element_type=\"widget\" data-e-type=\"widget\" data-widget_type=\"text-editor.default\">\n\t\t\t\t\t\t\t\t\t<p><strong>Gott war gn\u00e4dig und hat unserem ersten B\u00fcrger die Struktur des Himmelreichs Th\u00fcringen sowie die Ordnung der Provinzen und Burgen in weiten Teilen offenbart.<\/strong><br \/>Timo-Thejus scheut sich nicht, offen zuzugeben, dass es Zeit gebraucht hat, dieses heilige Konzept zu verstehen. Ein entscheidender Punkt, der Gott besonders am Herzen liegt:<\/p><p><strong>Wir, die das Himmelreich Th\u00fcringen aufbauen, sind von Gott eingesetzt, dieses Reich zu errichten und ihm bis zur Wiederkunft Jesu wohlgef\u00e4llig vorzustehen.<\/strong><br \/>Doch Gott erinnert uns bewusst an Folgendes:<\/p><ul><li><p><strong>Jedes Kind Gottes ist ein Stellvertreter Gottes auf Erden.<\/strong><br \/>Verhaltet euch entsprechend g\u00f6ttlich und bringt euch im Laufe der Zeit auf Augenh\u00f6he ein.<\/p><\/li><li><p><strong>Gott will keine Hierarchie im weltlichen Sinne \u2013 kein \u201eGr\u00f6\u00dfer\u201c oder \u201eKleiner\u201c, kein \u201eBesser\u201c oder \u201eSchlechter\u201c.<\/strong><br \/>Sondern eine famili\u00e4re Ordnung, in der jeder seinen Platz hat.<\/p><\/li><li><p>Menschen haben unterschiedliche Gaben und F\u00e4higkeiten.<br \/>Einige sind \u00e4lter, andere j\u00fcnger. Einige kl\u00fcger, andere langsamer. Doch niemand ist mehr oder weniger wert.<\/p><\/li><\/ul>\t\t\t\t\t\t\t\t<\/div>\n\t\t\t\t<div class=\"elementor-element elementor-element-0ab5925 elementor-widget elementor-widget-heading\" data-id=\"0ab5925\" data-element_type=\"widget\" data-e-type=\"widget\" data-widget_type=\"heading.default\">\n\t\t\t\t\t<h4 class=\"elementor-heading-title elementor-size-default\">Das Himmelreich Th\u00fcringen erster Einblick<\/h4>\t\t\t\t<\/div>\n\t\t\t\t<div class=\"elementor-element elementor-element-28f5fb8 elementor-widget elementor-widget-text-editor\" data-id=\"28f5fb8\" data-element_type=\"widget\" data-e-type=\"widget\" data-widget_type=\"text-editor.default\">\n\t\t\t\t\t\t\t\t\t<p><strong>Das Himmelreich Th\u00fcringen ist das letzte gro\u00dfe Christenreich der Kinder Gottes.<\/strong><br \/>Es wurde von Gott selbst in der Endzeit gegr\u00fcndet. B\u00fcrger sind jene, die sich bewusst dem Herrn zuwenden und mit wachem Geist seine Wiederkunft erwarten. In dieser Zeit ehren wir unseren Gott und halten seine Gebote hoch \u2013 in geistlicher Reife und auf dem Pfad Jesu Christi wandelnd.<br \/>In der Welt decken wir unseren t\u00e4glichen Bedarf im Vertrauen auf Gott und durch die Arbeit unserer eigenen H\u00e4nde \u2013 nach bestem Verm\u00f6gen und mit dankbarem Herzen.<br \/>Alle Geschwister, die wieder in einer geistlich erweckten Gemeinschaft leben m\u00f6chten, Gott allein die Ehre geben und gemeinsam mit ihren Br\u00fcdern und Schwestern feiern wollen, sind von Herzen eingeladen, in den kommenden Jahren Teil des Himmelreichs Th\u00fcringen zu werden.<\/p><p><strong>Der Ankerpunkt des gesamten Himmelreichs Th\u00fcringen ist der Heilige Geist \u2013 im Tempel des Heiligen Geistes, welcher der Leib eines jeden B\u00fcrgers ist.<\/strong><br \/>In diesem Tempel kehren wir ein \u2013 sei es im stillen K\u00e4mmerlein oder in der Gemeinschaft untereinander \u2013 und sprechen mit unserem Vater im Himmel sowie mit unseren geistlichen Geschwistern. Ein jeder nach seinen Gaben: der eine in der Auslegung, der andere in der Zungenrede, der n\u00e4chste in der prophetischen Rede. Einem jeden so, wie es der Geist Gottes f\u00fcr richtig h\u00e4lt.<\/p><p><strong>Jeder B\u00fcrger lebt in einer Burganlage oder geh\u00f6rt einer solchen an.<\/strong><br \/>Die Burganlagen sind der Kern des Himmelreichs \u2013 kleine famili\u00e4re Kreise, in denen Jesus Christus, unser Herr und Heiland, jedem von uns t\u00e4glich begegnen m\u00f6chte. Darunter versteht man Freundeskreise, Familien, Wohngemeinschaften und andere Wohn- und Beziehungsstrukturen, die unserem Vater im Himmel wohlgef\u00e4llig sind.<\/p>\t\t\t\t\t\t\t\t<\/div>\n\t\t\t\t<div class=\"elementor-element elementor-element-52db898 elementor-widget elementor-widget-heading\" data-id=\"52db898\" data-element_type=\"widget\" data-e-type=\"widget\" data-widget_type=\"heading.default\">\n\t\t\t\t\t<h4 class=\"elementor-heading-title elementor-size-default\">Schlusswort<\/h4>\t\t\t\t<\/div>\n\t\t\t\t<div class=\"elementor-element elementor-element-d99a122 elementor-widget elementor-widget-text-editor\" data-id=\"d99a122\" data-element_type=\"widget\" data-e-type=\"widget\" data-widget_type=\"text-editor.default\">\n\t\t\t\t\t\t\t\t\t<p>Wir m\u00f6chten unseren vielen treuen lesern an dieser Stelle f\u00fcr eure treue zu Gott, eure Unterst\u00fctzung und euer Gebet bedanken. Des weiteren m\u00f6chten wir uns an dieser stelle nochmals bewusst und ausdr\u00fccklich bei Herrn Zebaoth unserem Vater im Himmel, Jesus Christus, dem Heiligen Geist, dem Dreieinigen Gott von ganzem Herzen danken.<\/p><p>Danken daf\u00fcr, das nach Jahrzehnten der Treue offensichtlich wird, das Gott kein Reich der Anf\u00fchrer baut. Sondern eine Familie von Geschwistern. Wir sind so extrem dankbar, dass Gott die neumodischen Formen au\u00dfen vor l\u00e4sst und wir als Familie auf Augenh\u00f6he miteinander agieren k\u00f6nnen. Wir freuen uns, dass unser Vater im Himmel die Familie wieder n\u00e4her zusammenr\u00fccken l\u00e4sst. Lasst uns wieder gem\u00fctlicher, famili\u00e4rer und liebevoller untereinander werden.<\/p><p>Die letzten Tage sind angebrochen, unsere lieben Geschwister. Genie\u00dft die Zeit und freut euch auf das Kommen des Herrn Jesus Christus. M\u00f6ge die liebe Jesus Christus stets mit euch sein und euch begleiten. Tragt Sie in die Welt hinaus und zeigt einem Jeden, dass unser Gott es nicht n\u00f6tig hat zu zwingen. Wir dienen freiwillig unserem lieben Vater im Himmel! Amen!<\/p>\t\t\t\t\t\t\t\t<\/div>\n\t\t\t\t<div class=\"elementor-element elementor-element-a655814 elementor-widget elementor-widget-text-editor\" data-id=\"a655814\" data-element_type=\"widget\" data-e-type=\"widget\" data-widget_type=\"text-editor.default\">\n\t\t\t\t\t\t\t\t\t<p style=\"text-align: center;\"><strong>Himmelreich Th\u00fcringen<br \/>Concilium Regni (\u201eRat des Reiches\u201c) <\/strong><\/p><p>Im Namen des Herrn, durch Timo-Thejus, Erstb\u00fcrger des Himmelreichs Th\u00fcringen, und getragen vom <strong>Concilium Regni<\/strong> \u2013 dem Rat des Reiches, der in geistlicher Einheit das Himmelreich bis zur Wiederkunft Jesu Christi leitet.<\/p><p style=\"text-align: center;\"><strong>Himmelreichgru\u00df<\/strong><br \/>[\u201cDem Herrn Zuliebe!\u201d sagen. 2 Schl\u00e4ge auf die Brust und den Arm zum Segnen bereit gen Himmel gestreckt.]<\/p>\t\t\t\t\t\t\t\t<\/div>\n\t\t\t\t\t<\/div>\n\t\t\t\t<\/div>\n\t\t\t\t<\/div>\n\t\t","protected":false},"excerpt":{"rendered":"<p>Himmelreich Th\u00fcringen &#8211; Tag 234 Gelobt sei der Herr Jesus Christus \u2013 gekreuzigt am Kreuz von Golgatha, begraben am \u00d6lberg in Getsemani, auferstanden von den Toten, aufgefahren in den Himmel und sitzend zur Rechten des Vaters. Ihm sei Lob, Ehre, Preis und aller Dank der Gemeinschaft der letzten Christen in der Endzeit vor Jesu Wiederkunft [&hellip;]<\/p>\n","protected":false},"author":1,"featured_media":2387,"comment_status":"open","ping_status":"open","sticky":false,"template":"","format":"standard","meta":{"footnotes":""},"categories":[66,117,4,2,44],"tags":[142,166],"class_list":["post-2350","post","type-post","status-publish","format-standard","has-post-thumbnail","hentry","category-das-original","category-erster-buerger","category-gott","category-himmelreich-thueringen","category-news","tag-gemeinschaft","tag-zukunft"],"_links":{"self":[{"href":"https:\/\/org.ef-urbich.de\/index.php?rest_route=\/wp\/v2\/posts\/2350","targetHints":{"allow":["GET"]}}],"collection":[{"href":"https:\/\/org.ef-urbich.de\/index.php?rest_route=\/wp\/v2\/posts"}],"about":[{"href":"https:\/\/org.ef-urbich.de\/index.php?rest_route=\/wp\/v2\/types\/post"}],"author":[{"embeddable":true,"href":"https:\/\/org.ef-urbich.de\/index.php?rest_route=\/wp\/v2\/users\/1"}],"replies":[{"embeddable":true,"href":"https:\/\/org.ef-urbich.de\/index.php?rest_route=%2Fwp%2Fv2%2Fcomments&post=2350"}],"version-history":[{"count":0,"href":"https:\/\/org.ef-urbich.de\/index.php?rest_route=\/wp\/v2\/posts\/2350\/revisions"}],"wp:featuredmedia":[{"embeddable":true,"href":"https:\/\/org.ef-urbich.de\/index.php?rest_route=\/wp\/v2\/media\/2387"}],"wp:attachment":[{"href":"https:\/\/org.ef-urbich.de\/index.php?rest_route=%2Fwp%2Fv2%2Fmedia&parent=2350"}],"wp:term":[{"taxonomy":"category","embeddable":true,"href":"https:\/\/org.ef-urbich.de\/index.php?rest_route=%2Fwp%2Fv2%2Fcategories&post=2350"},{"taxonomy":"post_tag","embeddable":true,"href":"https:\/\/org.ef-urbich.de\/index.php?rest_route=%2Fwp%2Fv2%2Ftags&post=2350"}],"curies":[{"name":"wp","href":"https:\/\/api.w.org\/{rel}","templated":true}]}}