{"id":2332,"date":"2025-08-22T21:39:27","date_gmt":"2025-08-22T19:39:27","guid":{"rendered":"https:\/\/das-original.com\/?p=2332"},"modified":"2025-08-22T21:39:27","modified_gmt":"2025-08-22T19:39:27","slug":"extern-sommerfest-der-netzwerkgemeinde-erfurt","status":"publish","type":"post","link":"https:\/\/org.ef-urbich.de\/?p=2332","title":{"rendered":"Extern: Sommerfest der Netzwerkgemeinde Erfurt"},"content":{"rendered":"\t\t<div data-elementor-type=\"wp-post\" data-elementor-id=\"2332\" class=\"elementor elementor-2332\" data-elementor-post-type=\"post\">\n\t\t\t\t<div class=\"elementor-element elementor-element-1f048fc e-flex e-con-boxed e-con e-parent\" data-id=\"1f048fc\" data-element_type=\"container\" data-e-type=\"container\">\n\t\t\t\t\t<div class=\"e-con-inner\">\n\t\t\t\t<div class=\"elementor-element elementor-element-fa4b6c6 elementor-widget elementor-widget-text-editor\" data-id=\"fa4b6c6\" data-element_type=\"widget\" data-e-type=\"widget\" data-widget_type=\"text-editor.default\">\n\t\t\t\t\t\t\t\t\t<p>Himmelreich Th\u00fcringen &#8211; Tag 198<\/p><p>Am 23.08.25 findet in Erfurt eine interessante Aktivit\u00e4t statt. Die NWG feiert Ihr Sommerfest. Eingeladen sind alle Br\u00fcder und Schwestern, welche Zeit mit Got und der Familie verbringen wollen.<\/p><p style=\"text-align: center;\"><strong>Himmelreich Th\u00fcringen<\/strong><\/p><p style=\"text-align: center;\">Himmelreichgru\u00df<br \/>[\u201c<strong>Dem Herrn Zuliebe!<\/strong>\u201d sagen. 2 Schl\u00e4ge auf die Brust und den Arm zum Segnen bereit gen Himmel gestreckt.]<\/p>\t\t\t\t\t\t\t\t<\/div>\n\t\t\t\t<div class=\"elementor-element elementor-element-5e4e215 elementor-widget elementor-widget-text-editor\" data-id=\"5e4e215\" data-element_type=\"widget\" data-e-type=\"widget\" data-widget_type=\"text-editor.default\">\n\t\t\t\t\t\t\t\t\t<p>Ank\u00fcndigung \u00fcbernommen von der Webseite der &#8220;Netzwerk Gemeinde Erfurt e.V.&#8221;\u00a0 <a href=\"https:\/\/www.netzwerkgemeinde-erfurt.de\/beitraege\/sommerfest\" target=\"_blank\" rel=\"noopener\">Link zur Net-Page der Netzwerkgemeinde Erfurt<\/a><\/p><p>Ablauf<br \/>Am 23.08.2025<\/p><p>Von 16:00 \u2013 21:00 Uhr<\/p><p>Am alten Nordh\u00e4user Bahnhof 10<\/p><p>(erreichbar mit der Strassenbahn Linie 4 Richtung Ringelberg, Haltestelle Greifswalder Str.)<\/p><p>Bitte trage dich in die Teilnehmerliste ein und schreibe in die Bemerkungen, wass du f\u00fcr das &#8220;Bring and share&#8221; Buffet mitbringst.<\/p><p>Gut w\u00e4re es, wenn du noch Camping St\u00fchle oder Picknick-Decken o.\u00e4. f\u00fcr dich und deine G\u00e4ste dabei hast.<\/p><p>Teller und Besteck sollte jeder f\u00fcr sich und seine G\u00e4ste selbst mitbringen.<\/p>\t\t\t\t\t\t\t\t<\/div>\n\t\t\t\t\t<\/div>\n\t\t\t\t<\/div>\n\t\t\t\t<\/div>\n\t\t","protected":false},"excerpt":{"rendered":"<p>Himmelreich Th\u00fcringen &#8211; Tag 198 Am 23.08.25 findet in Erfurt eine interessante Aktivit\u00e4t statt. Die NWG feiert Ihr Sommerfest. Eingeladen sind alle Br\u00fcder und Schwestern, welche Zeit mit Got und der Familie verbringen wollen. Himmelreich Th\u00fcringen Himmelreichgru\u00df[\u201cDem Herrn Zuliebe!\u201d sagen. 2 Schl\u00e4ge auf die Brust und den Arm zum Segnen bereit gen Himmel gestreckt.] Ank\u00fcndigung [&hellip;]<\/p>\n","protected":false},"author":1,"featured_media":2344,"comment_status":"open","ping_status":"open","sticky":false,"template":"","format":"standard","meta":{"footnotes":""},"categories":[44,36],"tags":[],"class_list":["post-2332","post","type-post","status-publish","format-standard","has-post-thumbnail","hentry","category-news","category-welt"],"_links":{"self":[{"href":"https:\/\/org.ef-urbich.de\/index.php?rest_route=\/wp\/v2\/posts\/2332","targetHints":{"allow":["GET"]}}],"collection":[{"href":"https:\/\/org.ef-urbich.de\/index.php?rest_route=\/wp\/v2\/posts"}],"about":[{"href":"https:\/\/org.ef-urbich.de\/index.php?rest_route=\/wp\/v2\/types\/post"}],"author":[{"embeddable":true,"href":"https:\/\/org.ef-urbich.de\/index.php?rest_route=\/wp\/v2\/users\/1"}],"replies":[{"embeddable":true,"href":"https:\/\/org.ef-urbich.de\/index.php?rest_route=%2Fwp%2Fv2%2Fcomments&post=2332"}],"version-history":[{"count":0,"href":"https:\/\/org.ef-urbich.de\/index.php?rest_route=\/wp\/v2\/posts\/2332\/revisions"}],"wp:featuredmedia":[{"embeddable":true,"href":"https:\/\/org.ef-urbich.de\/index.php?rest_route=\/wp\/v2\/media\/2344"}],"wp:attachment":[{"href":"https:\/\/org.ef-urbich.de\/index.php?rest_route=%2Fwp%2Fv2%2Fmedia&parent=2332"}],"wp:term":[{"taxonomy":"category","embeddable":true,"href":"https:\/\/org.ef-urbich.de\/index.php?rest_route=%2Fwp%2Fv2%2Fcategories&post=2332"},{"taxonomy":"post_tag","embeddable":true,"href":"https:\/\/org.ef-urbich.de\/index.php?rest_route=%2Fwp%2Fv2%2Ftags&post=2332"}],"curies":[{"name":"wp","href":"https:\/\/api.w.org\/{rel}","templated":true}]}}