{"id":2304,"date":"2025-07-27T02:17:14","date_gmt":"2025-07-27T00:17:14","guid":{"rendered":"https:\/\/das-original.com\/?p=2304"},"modified":"2025-07-27T02:17:14","modified_gmt":"2025-07-27T00:17:14","slug":"zeltstadt-2025-geh-aufs-ganze","status":"publish","type":"post","link":"https:\/\/org.ef-urbich.de\/?p=2304","title":{"rendered":"Zeltstadt 2025 &#8211; &#8220;Geh aufs Ganze&#8221;"},"content":{"rendered":"\t\t<div data-elementor-type=\"wp-post\" data-elementor-id=\"2304\" class=\"elementor elementor-2304\" data-elementor-post-type=\"post\">\n\t\t\t\t<div class=\"elementor-element elementor-element-7679797 e-flex e-con-boxed e-con e-parent\" data-id=\"7679797\" data-element_type=\"container\" data-e-type=\"container\">\n\t\t\t\t\t<div class=\"e-con-inner\">\n\t\t\t\t<div class=\"elementor-element elementor-element-c57641a elementor-widget elementor-widget-heading\" data-id=\"c57641a\" data-element_type=\"widget\" data-e-type=\"widget\" data-widget_type=\"heading.default\">\n\t\t\t\t\t<h2 class=\"elementor-heading-title elementor-size-default\">Ein Ort f\u00fcr alle Generationen<\/h2>\t\t\t\t<\/div>\n\t\t\t\t<div class=\"elementor-element elementor-element-eec9e73 elementor-widget elementor-widget-text-editor\" data-id=\"eec9e73\" data-element_type=\"widget\" data-e-type=\"widget\" data-widget_type=\"text-editor.default\">\n\t\t\t\t\t\t\t\t\t<p>Vom 25. Juli bis 1. August 2025 verwandelt sich das Gel\u00e4nde der Familienkommunit\u00e4t Siloah in Metebach bei Gotha wieder in ein lebendiges Zeltlager \u2013 die Zeltstadt Th\u00fcringen l\u00e4dt ein! Unter dem diesj\u00e4hrigen Motto \u201eGeh aufs Ganze!\u201c erwartet die Teilnehmenden eine Woche voller geistlicher Impulse, Gemeinschaft und kreativer Entfaltung.<br \/>Seit \u00fcber 25 Jahren ist die Zeltstadt ein fester Bestandteil des christlichen Sommers in Th\u00fcringen. Mehr als 2.000 Menschen aus ganz Deutschland kommen zusammen \u2013 Familien, Singles, Jugendliche, Kinder, Junge Erwachsene und Senioren. Sie leben in Zelten, Wohnwagen oder Wohnmobilen in kleinen \u201eD\u00f6rfern\u201c mit etwa 100 Personen \u2013 als Selbstversorger, aber nicht allein.<\/p>\t\t\t\t\t\t\t\t<\/div>\n\t\t\t\t<div class=\"elementor-element elementor-element-0065c4d elementor-widget elementor-widget-heading\" data-id=\"0065c4d\" data-element_type=\"widget\" data-e-type=\"widget\" data-widget_type=\"heading.default\">\n\t\t\t\t\t<h2 class=\"elementor-heading-title elementor-size-default\">Vielf\u00e4ltiges Programm f\u00fcr Herz und Seele<\/h2>\t\t\t\t<\/div>\n\t\t\t\t<div class=\"elementor-element elementor-element-c786acc elementor-widget elementor-widget-text-editor\" data-id=\"c786acc\" data-element_type=\"widget\" data-e-type=\"widget\" data-widget_type=\"text-editor.default\">\n\t\t\t\t\t\t\t\t\t<p>T\u00e4glich gibt es:<\/p><ul><li>Bibelarbeiten und Seminare f\u00fcr Erwachsene<\/li><li>Altersgerechte Programme f\u00fcr Kinder, Teenies und Jugendliche<\/li><li>Workshops, kreative Angebote und Abendveranstaltungen<\/li><li>Abendmahlsfeiern, Segnungen, Lobpreis und Gemeinschaft<\/li><\/ul><p>Ein besonderes Highlight ist das gro\u00dfe Jahresevent, bei dem das Motto \u201eGeh aufs Ganze!\u201c auf kreative und tiefgehende Weise erlebbar wird.<\/p>\t\t\t\t\t\t\t\t<\/div>\n\t\t\t\t<div class=\"elementor-element elementor-element-e3b6486 elementor-widget elementor-widget-heading\" data-id=\"e3b6486\" data-element_type=\"widget\" data-e-type=\"widget\" data-widget_type=\"heading.default\">\n\t\t\t\t\t<h2 class=\"elementor-heading-title elementor-size-default\">Jugend mit Power<\/h2>\t\t\t\t<\/div>\n\t\t\t\t<div class=\"elementor-element elementor-element-0008289 elementor-widget elementor-widget-text-editor\" data-id=\"0008289\" data-element_type=\"widget\" data-e-type=\"widget\" data-widget_type=\"text-editor.default\">\n\t\t\t\t\t\t\t\t\t<p>Das Jugendteam bietet ein starkes Programm mit Kleingruppen, Nachtcaf\u00e9, kreativen Aktionen und geistlichen Impulsen. Wer mitgestalten m\u00f6chte, kann sich in verschiedenen Teams engagieren \u2013 vom Seminarteam bis zum Nachtcaf\u00e9.<\/p>\t\t\t\t\t\t\t\t<\/div>\n\t\t\t\t<div class=\"elementor-element elementor-element-a8b0332 elementor-widget elementor-widget-heading\" data-id=\"a8b0332\" data-element_type=\"widget\" data-e-type=\"widget\" data-widget_type=\"heading.default\">\n\t\t\t\t\t<h2 class=\"elementor-heading-title elementor-size-default\">Einfach dabei sein<\/h2>\t\t\t\t<\/div>\n\t\t\t\t<div class=\"elementor-element elementor-element-1e15a9a elementor-widget elementor-widget-text-editor\" data-id=\"1e15a9a\" data-element_type=\"widget\" data-e-type=\"widget\" data-widget_type=\"text-editor.default\">\n\t\t\t\t\t\t\t\t\t<p>Die Zeltstadt ist offen f\u00fcr Menschen aus Kirchen, Freikirchen und Gemeinschaften \u2013 oder einfach f\u00fcr alle, die eine Woche mit Tiefgang, Freude und echter Begegnung erleben m\u00f6chten. Auch Gemeinden nutzen die Zeltstadt zunehmend als Ort f\u00fcr ihre Gemeindefreizeiten.<\/p>\t\t\t\t\t\t\t\t<\/div>\n\t\t\t\t<div class=\"elementor-element elementor-element-cb3893c elementor-widget elementor-widget-heading\" data-id=\"cb3893c\" data-element_type=\"widget\" data-e-type=\"widget\" data-widget_type=\"heading.default\">\n\t\t\t\t\t<h2 class=\"elementor-heading-title elementor-size-default\">Infos &amp; Anmeldung<\/h2>\t\t\t\t<\/div>\n\t\t\t\t<div class=\"elementor-element elementor-element-5bd8b0e elementor-widget elementor-widget-text-editor\" data-id=\"5bd8b0e\" data-element_type=\"widget\" data-e-type=\"widget\" data-widget_type=\"text-editor.default\">\n\t\t\t\t\t\t\t\t\t<p>Alle Details zur Anmeldung, Preise und Teilnahmebedingungen findest du auf der offiziellen Webseite:<\/p><p><a href=\"http:\/\/www.die-zeltstadt.de\" target=\"_blank\" rel=\"noopener\">www.die-zeltstadt.de<\/a><\/p>\t\t\t\t\t\t\t\t<\/div>\n\t\t\t\t<div class=\"elementor-element elementor-element-d0b0e8c elementor-widget elementor-widget-text-editor\" data-id=\"d0b0e8c\" data-element_type=\"widget\" data-e-type=\"widget\" data-widget_type=\"text-editor.default\">\n\t\t\t\t\t\t\t\t\t<p style=\"text-align: center;\"><strong>Himmelreich Th\u00fcringen<\/strong><\/p><p style=\"text-align: center;\">Himmelreichgru\u00df<br \/>[\u201c<strong>Dem Herrn Zuliebe!<\/strong>\u201d sagen. 2 Schl\u00e4ge auf die Brust und den Arm zum Segnen bereit gen Himmel gestreckt.]<\/p>\t\t\t\t\t\t\t\t<\/div>\n\t\t\t\t\t<\/div>\n\t\t\t\t<\/div>\n\t\t\t\t<\/div>\n\t\t","protected":false},"excerpt":{"rendered":"<p>Ein Ort f\u00fcr alle Generationen Vom 25. Juli bis 1. August 2025 verwandelt sich das Gel\u00e4nde der Familienkommunit\u00e4t Siloah in Metebach bei Gotha wieder in ein lebendiges Zeltlager \u2013 die Zeltstadt Th\u00fcringen l\u00e4dt ein! Unter dem diesj\u00e4hrigen Motto \u201eGeh aufs Ganze!\u201c erwartet die Teilnehmenden eine Woche voller geistlicher Impulse, Gemeinschaft und kreativer Entfaltung.Seit \u00fcber 25 [&hellip;]<\/p>\n","protected":false},"author":1,"featured_media":2386,"comment_status":"open","ping_status":"open","sticky":false,"template":"","format":"standard","meta":{"footnotes":""},"categories":[44],"tags":[142,161,165],"class_list":["post-2304","post","type-post","status-publish","format-standard","has-post-thumbnail","hentry","category-news","tag-gemeinschaft","tag-versammlung","tag-zeltstadt"],"_links":{"self":[{"href":"https:\/\/org.ef-urbich.de\/index.php?rest_route=\/wp\/v2\/posts\/2304","targetHints":{"allow":["GET"]}}],"collection":[{"href":"https:\/\/org.ef-urbich.de\/index.php?rest_route=\/wp\/v2\/posts"}],"about":[{"href":"https:\/\/org.ef-urbich.de\/index.php?rest_route=\/wp\/v2\/types\/post"}],"author":[{"embeddable":true,"href":"https:\/\/org.ef-urbich.de\/index.php?rest_route=\/wp\/v2\/users\/1"}],"replies":[{"embeddable":true,"href":"https:\/\/org.ef-urbich.de\/index.php?rest_route=%2Fwp%2Fv2%2Fcomments&post=2304"}],"version-history":[{"count":0,"href":"https:\/\/org.ef-urbich.de\/index.php?rest_route=\/wp\/v2\/posts\/2304\/revisions"}],"wp:featuredmedia":[{"embeddable":true,"href":"https:\/\/org.ef-urbich.de\/index.php?rest_route=\/wp\/v2\/media\/2386"}],"wp:attachment":[{"href":"https:\/\/org.ef-urbich.de\/index.php?rest_route=%2Fwp%2Fv2%2Fmedia&parent=2304"}],"wp:term":[{"taxonomy":"category","embeddable":true,"href":"https:\/\/org.ef-urbich.de\/index.php?rest_route=%2Fwp%2Fv2%2Fcategories&post=2304"},{"taxonomy":"post_tag","embeddable":true,"href":"https:\/\/org.ef-urbich.de\/index.php?rest_route=%2Fwp%2Fv2%2Ftags&post=2304"}],"curies":[{"name":"wp","href":"https:\/\/api.w.org\/{rel}","templated":true}]}}