{"id":2289,"date":"2025-07-16T15:33:27","date_gmt":"2025-07-16T13:33:27","guid":{"rendered":"https:\/\/das-original.com\/?p=2289"},"modified":"2025-07-16T15:33:27","modified_gmt":"2025-07-16T13:33:27","slug":"himmelreich-tag-161-geduld","status":"publish","type":"post","link":"https:\/\/org.ef-urbich.de\/?p=2289","title":{"rendered":"Himmelreich &#8211; Tag 161: &#8220;Geduld&#8221;"},"content":{"rendered":"\t\t<div data-elementor-type=\"wp-post\" data-elementor-id=\"2289\" class=\"elementor elementor-2289\" data-elementor-post-type=\"post\">\n\t\t\t\t<div class=\"elementor-element elementor-element-9ea4528 e-flex e-con-boxed e-con e-parent\" data-id=\"9ea4528\" data-element_type=\"container\" data-e-type=\"container\">\n\t\t\t\t\t<div class=\"e-con-inner\">\n\t\t\t\t<div class=\"elementor-element elementor-element-584fc68 elementor-widget elementor-widget-text-editor\" data-id=\"584fc68\" data-element_type=\"widget\" data-e-type=\"widget\" data-widget_type=\"text-editor.default\">\n\t\t\t\t\t\t\t\t\t<p>Liebe Br\u00fcder und Schwestern, liebe Leserinnen und Leser,<\/p><p>an dieser Stelle m\u00f6chten wir Gott die Ehre geben und Ihm danken, dass er uns auf so wunderbare weise in die Zukunft f\u00fchrt. Amen!<\/p><p>Aktuell l\u00e4sst der Herr eine Struktur erstellen, in der wir alle auf Augenh\u00f6he gleichberechtigt unserem Gott dienen k\u00f6nnen. Unter der F\u00fchrung des Heiligen Geistes.<\/p><p>Auch wenn einige von uns gerne mehr Tempo und aktivit\u00e4t sehen w\u00fcrden, so ist es doch Gott, der das letzte Wort hat.<\/p><p>Wir freuen uns auf 2026 und sind gespannt, wie Gott durch Grillfeste, einfachem beisammen sein, durch Gebet und Lobpreis eine Gemeinschaft erschafft, welche Gemeinde\u00fcbergreifende alle Kinder Gottes erreicht.<\/p>\t\t\t\t\t\t\t\t<\/div>\n\t\t\t\t<div class=\"elementor-element elementor-element-92a5d09 elementor-widget elementor-widget-text-editor\" data-id=\"92a5d09\" data-element_type=\"widget\" data-e-type=\"widget\" data-widget_type=\"text-editor.default\">\n\t\t\t\t\t\t\t\t\t<p style=\"text-align: center;\"><strong>Himmelreich Th\u00fcringen<\/strong><\/p><p style=\"text-align: center;\"><span style=\"text-decoration: underline;\">Himmelreichgru\u00df<\/span><br \/>[\u201c<strong>Dem Herrn Zuliebe!<\/strong>\u201d sagen. 2 Schl\u00e4ge auf die Brust und den Arm zum Segnen bereit gen Himmel gestreckt.]<\/p>\t\t\t\t\t\t\t\t<\/div>\n\t\t\t\t\t<\/div>\n\t\t\t\t<\/div>\n\t\t\t\t<\/div>\n\t\t","protected":false},"excerpt":{"rendered":"<p>Liebe Br\u00fcder und Schwestern, liebe Leserinnen und Leser, an dieser Stelle m\u00f6chten wir Gott die Ehre geben und Ihm danken, dass er uns auf so wunderbare weise in die Zukunft f\u00fchrt. Amen! Aktuell l\u00e4sst der Herr eine Struktur erstellen, in der wir alle auf Augenh\u00f6he gleichberechtigt unserem Gott dienen k\u00f6nnen. Unter der F\u00fchrung des Heiligen [&hellip;]<\/p>\n","protected":false},"author":1,"featured_media":2301,"comment_status":"open","ping_status":"open","sticky":false,"template":"","format":"standard","meta":{"footnotes":""},"categories":[66,2],"tags":[],"class_list":["post-2289","post","type-post","status-publish","format-standard","has-post-thumbnail","hentry","category-das-original","category-himmelreich-thueringen"],"_links":{"self":[{"href":"https:\/\/org.ef-urbich.de\/index.php?rest_route=\/wp\/v2\/posts\/2289","targetHints":{"allow":["GET"]}}],"collection":[{"href":"https:\/\/org.ef-urbich.de\/index.php?rest_route=\/wp\/v2\/posts"}],"about":[{"href":"https:\/\/org.ef-urbich.de\/index.php?rest_route=\/wp\/v2\/types\/post"}],"author":[{"embeddable":true,"href":"https:\/\/org.ef-urbich.de\/index.php?rest_route=\/wp\/v2\/users\/1"}],"replies":[{"embeddable":true,"href":"https:\/\/org.ef-urbich.de\/index.php?rest_route=%2Fwp%2Fv2%2Fcomments&post=2289"}],"version-history":[{"count":0,"href":"https:\/\/org.ef-urbich.de\/index.php?rest_route=\/wp\/v2\/posts\/2289\/revisions"}],"wp:featuredmedia":[{"embeddable":true,"href":"https:\/\/org.ef-urbich.de\/index.php?rest_route=\/wp\/v2\/media\/2301"}],"wp:attachment":[{"href":"https:\/\/org.ef-urbich.de\/index.php?rest_route=%2Fwp%2Fv2%2Fmedia&parent=2289"}],"wp:term":[{"taxonomy":"category","embeddable":true,"href":"https:\/\/org.ef-urbich.de\/index.php?rest_route=%2Fwp%2Fv2%2Fcategories&post=2289"},{"taxonomy":"post_tag","embeddable":true,"href":"https:\/\/org.ef-urbich.de\/index.php?rest_route=%2Fwp%2Fv2%2Ftags&post=2289"}],"curies":[{"name":"wp","href":"https:\/\/api.w.org\/{rel}","templated":true}]}}