{"id":2119,"date":"2025-05-25T05:45:00","date_gmt":"2025-05-25T03:45:00","guid":{"rendered":"https:\/\/das-original.com\/?p=2119"},"modified":"2025-05-25T05:45:00","modified_gmt":"2025-05-25T03:45:00","slug":"das-wort-zum-sonntag-heuchelei","status":"publish","type":"post","link":"https:\/\/org.ef-urbich.de\/?p=2119","title":{"rendered":"Das Wort zum Sonntag: &#8220;Heuchelei&#8221;"},"content":{"rendered":"\t\t<div data-elementor-type=\"wp-post\" data-elementor-id=\"2119\" class=\"elementor elementor-2119\" data-elementor-post-type=\"post\">\n\t\t\t\t<div class=\"elementor-element elementor-element-f555336 e-flex e-con-boxed e-con e-parent\" data-id=\"f555336\" data-element_type=\"container\" data-e-type=\"container\">\n\t\t\t\t\t<div class=\"e-con-inner\">\n\t\t\t\t<div class=\"elementor-element elementor-element-0490f99 elementor-widget elementor-widget-text-editor\" data-id=\"0490f99\" data-element_type=\"widget\" data-e-type=\"widget\" data-widget_type=\"text-editor.default\">\n\t\t\t\t\t\t\t\t\t<p>Himmelreich &#8211; Tag 109<\/p><p>Maranata und dem Herrn zuliebe meine getreuen Geschwister.<\/p><p><strong>Heute ist Tag Einhundertneun im Himmelreich.<\/strong> Die Welt ist schnell und chaotisch. Wir wollen im Geist mit Gott durch Burg Himmelreich einen Ort schaffen, welcher au\u00dferhalb der Weltlichen Zeit liegt.<\/p><p>Und dennoch leben wir in der Welt und sind uns der Probleme gewahr. Durch Gottes Geist helfen wir, wo noch Hilfe von Gott erw\u00fcnscht ist. In den letzten Jahren hat sich das deutsche Volk gegen Gott gestellt und tr\u00e4gt jetzt Rechnung. Nichtsdestotrotz wird Gott weiter Weisung und Rat geben. derjenigen, die Ihn ernstlich darum bitten.<\/p><p>Aus diesem Grund werde ich als Beispiel unseren neuen Bundeskanzler Friedrich Merz nehmen. Dieser ist weit weg von Gott. Ein Beispiel von X:<\/p>\t\t\t\t\t\t\t\t<\/div>\n\t\t\t\t<div class=\"elementor-element elementor-element-00866a8 elementor-widget elementor-widget-image\" data-id=\"00866a8\" data-element_type=\"widget\" data-e-type=\"widget\" data-widget_type=\"image.default\">\n\t\t\t\t\t\t\t\t\t\t\t\t\t\t\t<img fetchpriority=\"high\" decoding=\"async\" width=\"640\" height=\"562\" src=\"https:\/\/org.ef-urbich.de\/wp-content\/uploads\/2025\/05\/Heuchelei.png\" class=\"attachment-large size-large wp-image-2121\" alt=\"Bundeskanzler Friedrich Merz - Heuchelei\" srcset=\"https:\/\/org.ef-urbich.de\/wp-content\/uploads\/2025\/05\/Heuchelei.png 873w, https:\/\/org.ef-urbich.de\/wp-content\/uploads\/2025\/05\/Heuchelei-300x263.png 300w, https:\/\/org.ef-urbich.de\/wp-content\/uploads\/2025\/05\/Heuchelei-768x674.png 768w\" sizes=\"(max-width: 640px) 100vw, 640px\" \/>\t\t\t\t\t\t\t\t\t\t\t\t\t\t\t<\/div>\n\t\t\t\t\t<\/div>\n\t\t\t\t<\/div>\n\t\t<div class=\"elementor-element elementor-element-dba40c6 e-flex e-con-boxed e-con e-parent\" data-id=\"dba40c6\" data-element_type=\"container\" data-e-type=\"container\">\n\t\t\t\t\t<div class=\"e-con-inner\">\n\t\t\t\t<div class=\"elementor-element elementor-element-9a8e333 elementor-widget elementor-widget-text-editor\" data-id=\"9a8e333\" data-element_type=\"widget\" data-e-type=\"widget\" data-widget_type=\"text-editor.default\">\n\t\t\t\t\t\t\t\t\t<p><strong>Heuchelei in Reinstform.<\/strong> Der werte Kanzler vergisst, dass er selbst und seine Hausgenossen die Feinde Gottes ins Land geholt haben, welche diese Morde ver\u00fcben.<\/p><p>Lasst uns als B\u00fcrger im Himmelreich Th\u00fcringen anders sein. Lasst uns die H\u00e4nde auflegen und segnen. Lasst uns in die Arme nehmen und miteinander lachen und weinen. Lasst uns an Siegen erfreuen und aus Niederlagen lernen.<\/p><p>Wissen: Maranata &#8211; Unser Herr Jesus Christus kommt bald!<\/p><p>Ausblick: Aktuell wird an allen Ecken und Kanten des Reiches gebaut. Dieser Prozess wird, so Gott will, noch eine ganze Weile Zeit in Anspruch nehmen.<\/p><p style=\"text-align: center;\"><strong>Himmelreich Th\u00fcringen<\/strong><\/p><p style=\"text-align: center;\"><span style=\"text-decoration: underline;\">Himmelreichgru\u00df<\/span><br \/>[\u201c<strong>Dem Herrn Zuliebe!<\/strong>\u201d sagen. 2 Schl\u00e4ge auf die Brust und den Arm zum Segnen bereit gen Himmel gestreckt.]<\/p>\t\t\t\t\t\t\t\t<\/div>\n\t\t\t\t\t<\/div>\n\t\t\t\t<\/div>\n\t\t\t\t<\/div>\n\t\t","protected":false},"excerpt":{"rendered":"<p>Himmelreich &#8211; Tag 109 Maranata und dem Herrn zuliebe meine getreuen Geschwister. Heute ist Tag Einhundertneun im Himmelreich. Die Welt ist schnell und chaotisch. Wir wollen im Geist mit Gott durch Burg Himmelreich einen Ort schaffen, welcher au\u00dferhalb der Weltlichen Zeit liegt. Und dennoch leben wir in der Welt und sind uns der Probleme gewahr. [&hellip;]<\/p>\n","protected":false},"author":1,"featured_media":2125,"comment_status":"open","ping_status":"open","sticky":false,"template":"","format":"standard","meta":{"footnotes":""},"categories":[24,4,182],"tags":[125],"class_list":["post-2119","post","type-post","status-publish","format-standard","has-post-thumbnail","hentry","category-das-wort-zum-sonntag","category-gott","category-tadel","tag-bundeskanzler"],"_links":{"self":[{"href":"https:\/\/org.ef-urbich.de\/index.php?rest_route=\/wp\/v2\/posts\/2119","targetHints":{"allow":["GET"]}}],"collection":[{"href":"https:\/\/org.ef-urbich.de\/index.php?rest_route=\/wp\/v2\/posts"}],"about":[{"href":"https:\/\/org.ef-urbich.de\/index.php?rest_route=\/wp\/v2\/types\/post"}],"author":[{"embeddable":true,"href":"https:\/\/org.ef-urbich.de\/index.php?rest_route=\/wp\/v2\/users\/1"}],"replies":[{"embeddable":true,"href":"https:\/\/org.ef-urbich.de\/index.php?rest_route=%2Fwp%2Fv2%2Fcomments&post=2119"}],"version-history":[{"count":0,"href":"https:\/\/org.ef-urbich.de\/index.php?rest_route=\/wp\/v2\/posts\/2119\/revisions"}],"wp:featuredmedia":[{"embeddable":true,"href":"https:\/\/org.ef-urbich.de\/index.php?rest_route=\/wp\/v2\/media\/2125"}],"wp:attachment":[{"href":"https:\/\/org.ef-urbich.de\/index.php?rest_route=%2Fwp%2Fv2%2Fmedia&parent=2119"}],"wp:term":[{"taxonomy":"category","embeddable":true,"href":"https:\/\/org.ef-urbich.de\/index.php?rest_route=%2Fwp%2Fv2%2Fcategories&post=2119"},{"taxonomy":"post_tag","embeddable":true,"href":"https:\/\/org.ef-urbich.de\/index.php?rest_route=%2Fwp%2Fv2%2Ftags&post=2119"}],"curies":[{"name":"wp","href":"https:\/\/api.w.org\/{rel}","templated":true}]}}