{"id":1880,"date":"2025-04-20T14:00:54","date_gmt":"2025-04-20T12:00:54","guid":{"rendered":"https:\/\/das-original.com\/?p=1880"},"modified":"2025-04-20T14:00:54","modified_gmt":"2025-04-20T12:00:54","slug":"der-koenig-lebt","status":"publish","type":"post","link":"https:\/\/org.ef-urbich.de\/?p=1880","title":{"rendered":"Das Wort zum Ostersonntag &#8211; &#8220;Der K\u00f6nig lebt!&#8221;"},"content":{"rendered":"\t\t<div data-elementor-type=\"wp-post\" data-elementor-id=\"1880\" class=\"elementor elementor-1880\" data-elementor-post-type=\"post\">\n\t\t\t\t<div class=\"elementor-element elementor-element-f1a770c e-flex e-con-boxed e-con e-parent\" data-id=\"f1a770c\" data-element_type=\"container\" data-e-type=\"container\">\n\t\t\t\t\t<div class=\"e-con-inner\">\n\t\t\t\t<div class=\"elementor-element elementor-element-62541a4 elementor-widget elementor-widget-text-editor\" data-id=\"62541a4\" data-element_type=\"widget\" data-e-type=\"widget\" data-widget_type=\"text-editor.default\">\n\t\t\t\t\t\t\t\t\t<p>Himmelreich &#8211; Tag 74<\/p><p>Der K\u00f6nig lebt! Jesus ist wahrhaftig auferstanden! Woher ich das wei\u00df? Ich rede jeden Tag mit unserem Herrn im Geist, so wie viele andere es seit der Ausgie\u00dfung des Heiligen Geistes tun.<\/p><p>Bleibt die Frage: Wann wurde diesbez\u00fcglich das erste Mal gelogen?<\/p>\t\t\t\t\t\t\t\t<\/div>\n\t\t\t\t<div class=\"elementor-element elementor-element-00a01f3 elementor-blockquote--skin-quotation elementor-widget elementor-widget-blockquote\" data-id=\"00a01f3\" data-element_type=\"widget\" data-e-type=\"widget\" data-widget_type=\"blockquote.default\">\n\t\t\t\t\t\t\t<blockquote class=\"elementor-blockquote\">\n\t\t\t<p class=\"elementor-blockquote__content\">\n\t\t\t\tMatth\u00e4us 28\n[11] Als sie aber hingingen, siehe, da kamen einige von der Wache in die Stadt und verk\u00fcndeten den Hohenpriestern alles, was geschehen war. [12] Und sie kamen mit den \u00c4ltesten zusammen, hielten Rat und gaben den Soldaten viel Geld [13] und sprachen: Sagt, seine J\u00fcnger sind in der Nacht gekommen und haben ihn gestohlen, w\u00e4hrend wir schliefen. [14] Und wenn es dem Statthalter zu Ohren kommt, wollen wir ihn beschwichtigen und daf\u00fcr sorgen, dass ihr sicher seid. [15] Sie nahmen das Geld und taten, wie sie angewiesen waren. Und so ist dies zum Gerede geworden bei den Juden bis auf den heutigen Tag.\t\t\t<\/p>\n\t\t\t\t\t\t\t<div class=\"e-q-footer\">\n\t\t\t\t\t\t\t\t\t\t\t<cite class=\"elementor-blockquote__author\">Lutherbibel, revidierter Text 1984<\/cite>\n\t\t\t\t\t\t\t\t\t\t\t\t\t\t<\/div>\n\t\t\t\t\t<\/blockquote>\n\t\t\t\t\t\t<\/div>\n\t\t\t\t<div class=\"elementor-element elementor-element-9a10c43 elementor-widget elementor-widget-text-editor\" data-id=\"9a10c43\" data-element_type=\"widget\" data-e-type=\"widget\" data-widget_type=\"text-editor.default\">\n\t\t\t\t\t\t\t\t\t<p>Da Jesus bald wiederkommt, m\u00f6chte ich nochmal alle ermahnen: Haltet Gottes Gebote! Steht treu zu Ihm. Jeder der an Ihn glaubt, kann nicht verloren gehen.<\/p><p>Himmelreich Th\u00fcringen<br \/>[\u201cDem Herrn Zuliebe!\u201d sagen. 2 Schl\u00e4ge auf die Brust und den Arm zum Segnen bereit gen Himmel gestreckt.]<\/p>\t\t\t\t\t\t\t\t<\/div>\n\t\t\t\t\t<\/div>\n\t\t\t\t<\/div>\n\t\t\t\t<\/div>\n\t\t","protected":false},"excerpt":{"rendered":"<p>Himmelreich &#8211; Tag 74 Der K\u00f6nig lebt! Jesus ist wahrhaftig auferstanden! Woher ich das wei\u00df? Ich rede jeden Tag mit unserem Herrn im Geist, so wie viele andere es seit der Ausgie\u00dfung des Heiligen Geistes tun. Bleibt die Frage: Wann wurde diesbez\u00fcglich das erste Mal gelogen? Matth\u00e4us 28 [11] Als sie aber hingingen, siehe, da [&hellip;]<\/p>\n","protected":false},"author":1,"featured_media":1888,"comment_status":"open","ping_status":"open","sticky":false,"template":"","format":"standard","meta":{"footnotes":""},"categories":[24],"tags":[],"class_list":["post-1880","post","type-post","status-publish","format-standard","has-post-thumbnail","hentry","category-das-wort-zum-sonntag"],"_links":{"self":[{"href":"https:\/\/org.ef-urbich.de\/index.php?rest_route=\/wp\/v2\/posts\/1880","targetHints":{"allow":["GET"]}}],"collection":[{"href":"https:\/\/org.ef-urbich.de\/index.php?rest_route=\/wp\/v2\/posts"}],"about":[{"href":"https:\/\/org.ef-urbich.de\/index.php?rest_route=\/wp\/v2\/types\/post"}],"author":[{"embeddable":true,"href":"https:\/\/org.ef-urbich.de\/index.php?rest_route=\/wp\/v2\/users\/1"}],"replies":[{"embeddable":true,"href":"https:\/\/org.ef-urbich.de\/index.php?rest_route=%2Fwp%2Fv2%2Fcomments&post=1880"}],"version-history":[{"count":0,"href":"https:\/\/org.ef-urbich.de\/index.php?rest_route=\/wp\/v2\/posts\/1880\/revisions"}],"wp:featuredmedia":[{"embeddable":true,"href":"https:\/\/org.ef-urbich.de\/index.php?rest_route=\/wp\/v2\/media\/1888"}],"wp:attachment":[{"href":"https:\/\/org.ef-urbich.de\/index.php?rest_route=%2Fwp%2Fv2%2Fmedia&parent=1880"}],"wp:term":[{"taxonomy":"category","embeddable":true,"href":"https:\/\/org.ef-urbich.de\/index.php?rest_route=%2Fwp%2Fv2%2Fcategories&post=1880"},{"taxonomy":"post_tag","embeddable":true,"href":"https:\/\/org.ef-urbich.de\/index.php?rest_route=%2Fwp%2Fv2%2Ftags&post=1880"}],"curies":[{"name":"wp","href":"https:\/\/api.w.org\/{rel}","templated":true}]}}