{"id":1794,"date":"2025-04-19T03:01:09","date_gmt":"2025-04-19T01:01:09","guid":{"rendered":"https:\/\/das-original.com\/?p=1794"},"modified":"2025-04-19T03:01:09","modified_gmt":"2025-04-19T01:01:09","slug":"das-ende-der-rockstar-aera","status":"publish","type":"post","link":"https:\/\/org.ef-urbich.de\/?p=1794","title":{"rendered":"Das Ende der &#8220;Rockstar&#8221; &#8211; \u00c4ra"},"content":{"rendered":"\t\t<div data-elementor-type=\"wp-post\" data-elementor-id=\"1794\" class=\"elementor elementor-1794\" data-elementor-post-type=\"post\">\n\t\t\t\t<div class=\"elementor-element elementor-element-110798b e-flex e-con-boxed e-con e-parent\" data-id=\"110798b\" data-element_type=\"container\" data-e-type=\"container\">\n\t\t\t\t\t<div class=\"e-con-inner\">\n\t\t\t\t<div class=\"elementor-element elementor-element-78da625 elementor-widget elementor-widget-text-editor\" data-id=\"78da625\" data-element_type=\"widget\" data-e-type=\"widget\" data-widget_type=\"text-editor.default\">\n\t\t\t\t\t\t\t\t\t<p>Himmelreich &#8211; Tag 73<\/p><p>Die letzten 100 Jahre wahren voll von Rockstars, Entertainern, Moderatoren, Unterhaltern, Motivatoren, Initiatoren, Multiplikatoren, Upsss&#8230;<br \/>Wie viel Bl\u00f6dsinn muss sich unser Vater im Himmel noch ansehen, bevor der letzte dumme geschnallt hat<\/p><p>Jesus ist der &#8220;Rockstar&#8221;. Jesus ist Gott!<\/p>\t\t\t\t\t\t\t\t<\/div>\n\t\t<div class=\"elementor-element elementor-element-79e8c74 e-grid e-con-full e-con e-child\" data-id=\"79e8c74\" data-element_type=\"container\" data-e-type=\"container\">\n\t\t\t\t<div class=\"elementor-element elementor-element-ff258b5 elementor-widget elementor-widget-image\" data-id=\"ff258b5\" data-element_type=\"widget\" data-e-type=\"widget\" data-widget_type=\"image.default\">\n\t\t\t\t\t\t\t\t\t\t\t\t\t\t\t<img fetchpriority=\"high\" decoding=\"async\" width=\"640\" height=\"640\" src=\"https:\/\/org.ef-urbich.de\/wp-content\/uploads\/2025\/04\/luegner-1024x1024.jpg\" class=\"attachment-large size-large wp-image-1809\" alt=\"\" srcset=\"https:\/\/org.ef-urbich.de\/wp-content\/uploads\/2025\/04\/luegner-1024x1024.jpg 1024w, https:\/\/org.ef-urbich.de\/wp-content\/uploads\/2025\/04\/luegner-300x300.jpg 300w, https:\/\/org.ef-urbich.de\/wp-content\/uploads\/2025\/04\/luegner-150x150.jpg 150w, https:\/\/org.ef-urbich.de\/wp-content\/uploads\/2025\/04\/luegner-768x768.jpg 768w, https:\/\/org.ef-urbich.de\/wp-content\/uploads\/2025\/04\/luegner-1536x1536.jpg 1536w, https:\/\/org.ef-urbich.de\/wp-content\/uploads\/2025\/04\/luegner.jpg 1920w\" sizes=\"(max-width: 640px) 100vw, 640px\" \/>\t\t\t\t\t\t\t\t\t\t\t\t\t\t\t<\/div>\n\t\t\t\t<div class=\"elementor-element elementor-element-45f51e0 elementor-widget elementor-widget-text-editor\" data-id=\"45f51e0\" data-element_type=\"widget\" data-e-type=\"widget\" data-widget_type=\"text-editor.default\">\n\t\t\t\t\t\t\t\t\t<p>Viele Prediger, Pastoren, Priester und wie sich die V\u00f6gel alle nennen, denken, Sie w\u00e4ren das besondere. Die leute w\u00e4ren Ihnen zu ehren da. Weit gefehlt. Es gibt wohl einige die dem Menschen das Lob aussprechen.<\/p><p>Das ware Lob, geb\u00fchrt dem Herrn. Denn ein wahrer Mann Gottes l\u00e4sst den Geist Gottes aus sich heraus wirken und sprechen und agieren.<\/p>\t\t\t\t\t\t\t\t<\/div>\n\t\t\t\t<div class=\"elementor-element elementor-element-fe6de25 elementor-widget elementor-widget-text-editor\" data-id=\"fe6de25\" data-element_type=\"widget\" data-e-type=\"widget\" data-widget_type=\"text-editor.default\">\n\t\t\t\t\t\t\t\t\t<p>Selbstverst\u00e4ndlich geb\u00fchrt auch dem Mann, der sich Gott hingibt und zur Verf\u00fcgung stellt ehre. Diese sollte aber im richtigen Ma\u00dfe weitergegeben werden.<\/p><p>Leider sind die Christen der letzten 20 Jahre vom Kurs abgekommen. Sie haben sich geehrt. Sie haben sich gefeiert. Sie haben Sich h\u00f6her erachtet als den anderen.<\/p>\t\t\t\t\t\t\t\t<\/div>\n\t\t\t\t<div class=\"elementor-element elementor-element-6528716 elementor-widget elementor-widget-image\" data-id=\"6528716\" data-element_type=\"widget\" data-e-type=\"widget\" data-widget_type=\"image.default\">\n\t\t\t\t\t\t\t\t\t\t\t\t\t\t\t<img decoding=\"async\" width=\"640\" height=\"640\" src=\"https:\/\/org.ef-urbich.de\/wp-content\/uploads\/2025\/04\/arroganz-1024x1024.jpg\" class=\"attachment-large size-large wp-image-1810\" alt=\"Arroganz\" srcset=\"https:\/\/org.ef-urbich.de\/wp-content\/uploads\/2025\/04\/arroganz-1024x1024.jpg 1024w, https:\/\/org.ef-urbich.de\/wp-content\/uploads\/2025\/04\/arroganz-300x300.jpg 300w, https:\/\/org.ef-urbich.de\/wp-content\/uploads\/2025\/04\/arroganz-150x150.jpg 150w, https:\/\/org.ef-urbich.de\/wp-content\/uploads\/2025\/04\/arroganz-768x768.jpg 768w, https:\/\/org.ef-urbich.de\/wp-content\/uploads\/2025\/04\/arroganz-1536x1536.jpg 1536w, https:\/\/org.ef-urbich.de\/wp-content\/uploads\/2025\/04\/arroganz.jpg 1920w\" sizes=\"(max-width: 640px) 100vw, 640px\" \/>\t\t\t\t\t\t\t\t\t\t\t\t\t\t\t<\/div>\n\t\t\t\t<\/div>\n\t\t\t\t<div class=\"elementor-element elementor-element-f05f8fe elementor-widget elementor-widget-text-editor\" data-id=\"f05f8fe\" data-element_type=\"widget\" data-e-type=\"widget\" data-widget_type=\"text-editor.default\">\n\t\t\t\t\t\t\t\t\t<p>Es ist seit Jahrtausenden klar, das dieser Abfall kommt.<\/p><p>An dieser stelle m\u00f6chte ich aber jeden verbliebenen k\u00e4mpfer unseres Herrn auffordern durchzuhalten. Wir haben vor 2000 Jahren gewonnen. Wir sind die Gl\u00fccklichen, die den Einmarsch unseres gro\u00dfen Gottes miterleben d\u00fcrfen.<\/p><p>Die ersten Schritte im Himmelreich k\u00f6nnen bereits gegangen werden. Wir k\u00f6nnen uns wieder mit Gott unterhalten. Wir werden mehr!<\/p><p>Solltest du noch nicht mit Gott im Gespr\u00e4ch sein, z\u00f6gere nicht ihm &#8220;Hallo&#8221; zu sagen.<\/p>\t\t\t\t\t\t\t\t<\/div>\n\t\t\t\t<div class=\"elementor-element elementor-element-a4b7041 elementor-blockquote--skin-border elementor-widget elementor-widget-blockquote\" data-id=\"a4b7041\" data-element_type=\"widget\" data-e-type=\"widget\" data-widget_type=\"blockquote.default\">\n\t\t\t\t\t\t\t<blockquote class=\"elementor-blockquote\">\n\t\t\t<p class=\"elementor-blockquote__content\">\n\t\t\t\tMatth\u00e4us 6\n[6] Wenn du aber betest, so geh in dein K\u00e4mmerlein und schlie\u00df die T\u00fcr zu und bete zu deinem Vater, der im Verborgenen ist; und dein Vater, der in das Verborgene sieht, wird dir\u2019s vergelten.\t\t\t<\/p>\n\t\t\t\t\t\t\t<div class=\"e-q-footer\">\n\t\t\t\t\t\t\t\t\t\t\t<cite class=\"elementor-blockquote__author\">Lutherbibel 1984 - revidierte Fassung<\/cite>\n\t\t\t\t\t\t\t\t\t\t\t\t\t\t<\/div>\n\t\t\t\t\t<\/blockquote>\n\t\t\t\t\t\t<\/div>\n\t\t\t\t<div class=\"elementor-element elementor-element-0b93bf2 elementor-widget elementor-widget-text-editor\" data-id=\"0b93bf2\" data-element_type=\"widget\" data-e-type=\"widget\" data-widget_type=\"text-editor.default\">\n\t\t\t\t\t\t\t\t\t<p>Himmelreich Th\u00fcringen<br \/>Der F\u00fchrungsrat<\/p><p>[\u201cDem Herrn Zuliebe!\u201d sagen. 2 Schl\u00e4ge auf die Brust und den Arm zum Segnen bereit gen Himmel gestreckt.]<\/p>\t\t\t\t\t\t\t\t<\/div>\n\t\t\t\t\t<\/div>\n\t\t\t\t<\/div>\n\t\t\t\t<\/div>\n\t\t","protected":false},"excerpt":{"rendered":"<p>Himmelreich &#8211; Tag 73 Die letzten 100 Jahre wahren voll von Rockstars, Entertainern, Moderatoren, Unterhaltern, Motivatoren, Initiatoren, Multiplikatoren, Upsss&#8230;Wie viel Bl\u00f6dsinn muss sich unser Vater im Himmel noch ansehen, bevor der letzte dumme geschnallt hat Jesus ist der &#8220;Rockstar&#8221;. Jesus ist Gott! Viele Prediger, Pastoren, Priester und wie sich die V\u00f6gel alle nennen, denken, Sie [&hellip;]<\/p>\n","protected":false},"author":1,"featured_media":1808,"comment_status":"open","ping_status":"open","sticky":false,"template":"","format":"standard","meta":{"footnotes":""},"categories":[4,44],"tags":[],"class_list":["post-1794","post","type-post","status-publish","format-standard","has-post-thumbnail","hentry","category-gott","category-news"],"_links":{"self":[{"href":"https:\/\/org.ef-urbich.de\/index.php?rest_route=\/wp\/v2\/posts\/1794","targetHints":{"allow":["GET"]}}],"collection":[{"href":"https:\/\/org.ef-urbich.de\/index.php?rest_route=\/wp\/v2\/posts"}],"about":[{"href":"https:\/\/org.ef-urbich.de\/index.php?rest_route=\/wp\/v2\/types\/post"}],"author":[{"embeddable":true,"href":"https:\/\/org.ef-urbich.de\/index.php?rest_route=\/wp\/v2\/users\/1"}],"replies":[{"embeddable":true,"href":"https:\/\/org.ef-urbich.de\/index.php?rest_route=%2Fwp%2Fv2%2Fcomments&post=1794"}],"version-history":[{"count":0,"href":"https:\/\/org.ef-urbich.de\/index.php?rest_route=\/wp\/v2\/posts\/1794\/revisions"}],"wp:featuredmedia":[{"embeddable":true,"href":"https:\/\/org.ef-urbich.de\/index.php?rest_route=\/wp\/v2\/media\/1808"}],"wp:attachment":[{"href":"https:\/\/org.ef-urbich.de\/index.php?rest_route=%2Fwp%2Fv2%2Fmedia&parent=1794"}],"wp:term":[{"taxonomy":"category","embeddable":true,"href":"https:\/\/org.ef-urbich.de\/index.php?rest_route=%2Fwp%2Fv2%2Fcategories&post=1794"},{"taxonomy":"post_tag","embeddable":true,"href":"https:\/\/org.ef-urbich.de\/index.php?rest_route=%2Fwp%2Fv2%2Ftags&post=1794"}],"curies":[{"name":"wp","href":"https:\/\/api.w.org\/{rel}","templated":true}]}}