{"id":1746,"date":"2025-04-13T00:08:37","date_gmt":"2025-04-12T22:08:37","guid":{"rendered":"https:\/\/das-original.com\/?p=1746"},"modified":"2025-04-13T00:08:37","modified_gmt":"2025-04-12T22:08:37","slug":"das-wort-zum-sonntag-haltet-sie-von-jesus-fern","status":"publish","type":"post","link":"https:\/\/org.ef-urbich.de\/?p=1746","title":{"rendered":"Das Wort zum Sonntag: &#8220;Haltet Sie von Jesus fern!&#8221;"},"content":{"rendered":"\t\t<div data-elementor-type=\"wp-post\" data-elementor-id=\"1746\" class=\"elementor elementor-1746\" data-elementor-post-type=\"post\">\n\t\t\t\t<div class=\"elementor-element elementor-element-0d302b6 e-flex e-con-boxed e-con e-parent\" data-id=\"0d302b6\" data-element_type=\"container\" data-e-type=\"container\">\n\t\t\t\t\t<div class=\"e-con-inner\">\n\t\t\t\t<div class=\"elementor-element elementor-element-0203208 elementor-widget elementor-widget-text-editor\" data-id=\"0203208\" data-element_type=\"widget\" data-e-type=\"widget\" data-widget_type=\"text-editor.default\">\n\t\t\t\t\t\t\t\t\t<p>Himmelreich &#8211; Tag 67<\/p><p>&#8220;Haltet sie von Jesus fern!&#8221; Gottes Freunde waren mutig unterwegs gen Jerusalem. Als sie bei einer Stadt namens Jericho vorbeikamen, h\u00f6rten zwei Blinde am Wegesrand, dass Jesus praktisch schon in &#8220;Sichtweite&#8221; ist. Bl\u00f6d, wenn man blind ist \ud83d\ude42<\/p>\t\t\t\t\t\t\t\t<\/div>\n\t\t\t\t\t<\/div>\n\t\t\t\t<\/div>\n\t\t<div class=\"elementor-element elementor-element-a2e927e e-flex e-con-boxed e-con e-parent\" data-id=\"a2e927e\" data-element_type=\"container\" data-e-type=\"container\">\n\t\t\t\t\t<div class=\"e-con-inner\">\n\t\t<div class=\"elementor-element elementor-element-3b2c682 e-grid e-con-full e-con e-child\" data-id=\"3b2c682\" data-element_type=\"container\" data-e-type=\"container\">\n\t\t\t\t<div class=\"elementor-element elementor-element-1f02447 elementor-widget elementor-widget-text-editor\" data-id=\"1f02447\" data-element_type=\"widget\" data-e-type=\"widget\" data-widget_type=\"text-editor.default\">\n\t\t\t\t\t\t\t\t\t<p>Da sie nicht stumm waren, riefen sie wie die Wilden und wollten unbedingt von Jesus wahrgenommen werden. Da kommt der Kracher. Anstatt die Blinden nach vorne zu schubsen, damit sie zu Jesus finden, verbietet man ihnen das Mundwerk.<\/p>\t\t\t\t\t\t\t\t<\/div>\n\t\t\t\t<div class=\"elementor-element elementor-element-4111d0b elementor-blockquote--skin-boxed elementor-widget elementor-widget-blockquote\" data-id=\"4111d0b\" data-element_type=\"widget\" data-e-type=\"widget\" data-widget_type=\"blockquote.default\">\n\t\t\t\t\t\t\t<blockquote class=\"elementor-blockquote\">\n\t\t\t<p class=\"elementor-blockquote__content\">\n\t\t\t\t\"Aber das Volk fuhr sie an, dass sie schweigen sollten. Doch sie schrien noch viel mehr: Ach Herr, du Sohn Davids, erbarme dich unser!\"\t\t\t<\/p>\n\t\t\t\t\t\t\t<div class=\"e-q-footer\">\n\t\t\t\t\t\t\t\t\t\t\t<cite class=\"elementor-blockquote__author\">Matth\u00e4us 20<\/br>Vers 31<\/cite>\n\t\t\t\t\t\t\t\t\t\t\t\t\t\t<\/div>\n\t\t\t\t\t<\/blockquote>\n\t\t\t\t\t\t<\/div>\n\t\t\t\t<div class=\"elementor-element elementor-element-3a3e805 elementor-widget elementor-widget-image\" data-id=\"3a3e805\" data-element_type=\"widget\" data-e-type=\"widget\" data-widget_type=\"image.default\">\n\t\t\t\t\t\t\t\t\t\t\t\t\t\t\t<img fetchpriority=\"high\" decoding=\"async\" width=\"640\" height=\"427\" src=\"https:\/\/org.ef-urbich.de\/wp-content\/uploads\/2025\/04\/Palmenfest-25-1-1024x683.jpg\" class=\"attachment-large size-large wp-image-1761\" alt=\"Levantinische H\u00fcgelstadt\" srcset=\"https:\/\/org.ef-urbich.de\/wp-content\/uploads\/2025\/04\/Palmenfest-25-1-1024x683.jpg 1024w, https:\/\/org.ef-urbich.de\/wp-content\/uploads\/2025\/04\/Palmenfest-25-1-300x200.jpg 300w, https:\/\/org.ef-urbich.de\/wp-content\/uploads\/2025\/04\/Palmenfest-25-1-768x512.jpg 768w, https:\/\/org.ef-urbich.de\/wp-content\/uploads\/2025\/04\/Palmenfest-25-1-1536x1024.jpg 1536w, https:\/\/org.ef-urbich.de\/wp-content\/uploads\/2025\/04\/Palmenfest-25-1.jpg 1920w\" sizes=\"(max-width: 640px) 100vw, 640px\" \/>\t\t\t\t\t\t\t\t\t\t\t\t\t\t\t<\/div>\n\t\t\t\t<div class=\"elementor-element elementor-element-ce9b0d3 elementor-widget elementor-widget-text-editor\" data-id=\"ce9b0d3\" data-element_type=\"widget\" data-e-type=\"widget\" data-widget_type=\"text-editor.default\">\n\t\t\t\t\t\t\t\t\t<p>Was f\u00fcr eine Frechheit. Jesus\/Gott geht seit drei Jahren durch das Land und heilt jeden. Aber die zwei Blinden d\u00fcrfen nichts von Gottes Gnade abhaben. Die Frage, die ich mir gestellt habe:<\/p><p>&#8220;Was hatten die Leute davon, dass die Blinden weiter blind sind?&#8221;<\/p>\t\t\t\t\t\t\t\t<\/div>\n\t\t\t\t<\/div>\n\t\t<div class=\"elementor-element elementor-element-fed33ca e-con-full e-flex e-con e-child\" data-id=\"fed33ca\" data-element_type=\"container\" data-e-type=\"container\">\n\t\t\t\t<div class=\"elementor-element elementor-element-5016b44 elementor-widget elementor-widget-text-editor\" data-id=\"5016b44\" data-element_type=\"widget\" data-e-type=\"widget\" data-widget_type=\"text-editor.default\">\n\t\t\t\t\t\t\t\t\t<p>Ich habe Gott diesbez\u00fcglich gefragt. Es ist eine einfache zwischenmenschliche Sache. Sobald die Blinden nicht mehr blind sind, ist auch der letzte &#8220;Niedrige&#8221; weg. Niemanden mehr zum &#8220;Der war es doch&#8221;, &#8220;Der ist daran schuld&#8221;, &#8220;Der hat&#8230;&#8221;. Schlimmer als das Feststellen, dass man selbst im Leben nichts darstellt, ist: Die zwei Blinden, die das ganze Leben lang erniedrigt wurden, sind jetzt Giganten und angesehene Leute. Gott selbst hat sie f\u00fcr w\u00fcrdig erachtet, geheilt zu werden. Gott selbst hat f\u00fcr sie einen Finger krumm gemacht. Gott ist wirklich mit ihnen. Die ganze Stadt hat es gesehen.<\/p><p>Ich wette, die h\u00e4tten ihnen am liebsten Gift ins Essen gemacht oder ihre Blumen mit \u00e4tzenden Chemikalien beschmiert. Aber so kam es nicht. Jesus heilte die zwei Blinden und zog mit seinen J\u00fcngern weiter Richtung Jerusalem. Richtung Kreuz. Richtung Erl\u00f6sung.<\/p>\t\t\t\t\t\t\t\t<\/div>\n\t\t\t\t<\/div>\n\t\t\t\t\t<\/div>\n\t\t\t\t<\/div>\n\t\t<div class=\"elementor-element elementor-element-ec1a448 e-flex e-con-boxed e-con e-parent\" data-id=\"ec1a448\" data-element_type=\"container\" data-e-type=\"container\">\n\t\t\t\t\t<div class=\"e-con-inner\">\n\t\t\t\t<div class=\"elementor-element elementor-element-89d5200 elementor-widget elementor-widget-text-editor\" data-id=\"89d5200\" data-element_type=\"widget\" data-e-type=\"widget\" data-widget_type=\"text-editor.default\">\n\t\t\t\t\t\t\t\t\t<p style=\"text-align: center;\">Himmelreich Th\u00fcringen<\/p><p style=\"text-align: center;\">Himmelreichgru\u00df<br \/>[&#8220;Dem Herrn Zuliebe!&#8221; sagen. 2 Schl\u00e4ge auf die Brust und den Arm zum Segnen bereit gen Himmel gestreckt.]<\/p>\t\t\t\t\t\t\t\t<\/div>\n\t\t\t\t\t<\/div>\n\t\t\t\t<\/div>\n\t\t\t\t<\/div>\n\t\t","protected":false},"excerpt":{"rendered":"<p>temp<\/p>\n","protected":false},"author":1,"featured_media":1760,"comment_status":"open","ping_status":"open","sticky":false,"template":"","format":"standard","meta":{"footnotes":""},"categories":[24,116,97],"tags":[],"class_list":["post-1746","post","type-post","status-publish","format-standard","has-post-thumbnail","hentry","category-das-wort-zum-sonntag","category-erkenntnis-timo-thejus","category-jesus"],"_links":{"self":[{"href":"https:\/\/org.ef-urbich.de\/index.php?rest_route=\/wp\/v2\/posts\/1746","targetHints":{"allow":["GET"]}}],"collection":[{"href":"https:\/\/org.ef-urbich.de\/index.php?rest_route=\/wp\/v2\/posts"}],"about":[{"href":"https:\/\/org.ef-urbich.de\/index.php?rest_route=\/wp\/v2\/types\/post"}],"author":[{"embeddable":true,"href":"https:\/\/org.ef-urbich.de\/index.php?rest_route=\/wp\/v2\/users\/1"}],"replies":[{"embeddable":true,"href":"https:\/\/org.ef-urbich.de\/index.php?rest_route=%2Fwp%2Fv2%2Fcomments&post=1746"}],"version-history":[{"count":0,"href":"https:\/\/org.ef-urbich.de\/index.php?rest_route=\/wp\/v2\/posts\/1746\/revisions"}],"wp:featuredmedia":[{"embeddable":true,"href":"https:\/\/org.ef-urbich.de\/index.php?rest_route=\/wp\/v2\/media\/1760"}],"wp:attachment":[{"href":"https:\/\/org.ef-urbich.de\/index.php?rest_route=%2Fwp%2Fv2%2Fmedia&parent=1746"}],"wp:term":[{"taxonomy":"category","embeddable":true,"href":"https:\/\/org.ef-urbich.de\/index.php?rest_route=%2Fwp%2Fv2%2Fcategories&post=1746"},{"taxonomy":"post_tag","embeddable":true,"href":"https:\/\/org.ef-urbich.de\/index.php?rest_route=%2Fwp%2Fv2%2Ftags&post=1746"}],"curies":[{"name":"wp","href":"https:\/\/api.w.org\/{rel}","templated":true}]}}