{"id":1732,"date":"2025-04-12T20:13:00","date_gmt":"2025-04-12T18:13:00","guid":{"rendered":"https:\/\/das-original.com\/?p=1732"},"modified":"2025-04-12T20:13:00","modified_gmt":"2025-04-12T18:13:00","slug":"der-weg-zum-palmenfest-teil-2","status":"publish","type":"post","link":"https:\/\/org.ef-urbich.de\/?p=1732","title":{"rendered":"Der Weg zum Palmenfest [Teil 2]"},"content":{"rendered":"\t\t<div data-elementor-type=\"wp-post\" data-elementor-id=\"1732\" class=\"elementor elementor-1732\" data-elementor-post-type=\"post\">\n\t\t\t\t<div class=\"elementor-element elementor-element-13a782d e-flex e-con-boxed e-con e-parent\" data-id=\"13a782d\" data-element_type=\"container\" data-e-type=\"container\">\n\t\t\t\t\t<div class=\"e-con-inner\">\n\t\t\t\t<div class=\"elementor-element elementor-element-7c56885 elementor-widget elementor-widget-text-editor\" data-id=\"7c56885\" data-element_type=\"widget\" data-e-type=\"widget\" data-widget_type=\"text-editor.default\">\n\t\t\t\t\t\t\t\t\t<p>Himmelreich &#8211; Tag 67<\/p><p>F\u00fcr die J\u00fcnger um Jesus waren die Zeiten bombastisch. Kr\u00fcppel konnten gehen, Blinde sehen, Dumme wurden klug. Im Leben der J\u00fcnger schien es nichts Un\u00fcberwindbares zu geben. Und dann das:<\/p>\t\t\t\t\t\t\t\t<\/div>\n\t\t\t\t<div class=\"elementor-element elementor-element-cfacece elementor-blockquote--skin-border elementor-widget elementor-widget-blockquote\" data-id=\"cfacece\" data-element_type=\"widget\" data-e-type=\"widget\" data-widget_type=\"blockquote.default\">\n\t\t\t\t\t\t\t<blockquote class=\"elementor-blockquote\">\n\t\t\t<p class=\"elementor-blockquote__content\">\n\t\t\t\tMatth\u00e4us 20 Vers\n[18] \"Siehe, wir ziehen hinauf nach Jerusalem, und der Menschensohn wird den Hohenpriestern und Schriftgelehrten \u00fcberantwortet werden; und sie werden ihn zum Tode verurteilen und werden ihn den Heiden \u00fcberantworten, damit sie ihn verspotten und gei\u00dfeln und kreuzigen; und am dritten Tage wird er auferstehen.\"\t\t\t<\/p>\n\t\t\t\t\t\t\t<div class=\"e-q-footer\">\n\t\t\t\t\t\t\t\t\t\t\t<cite class=\"elementor-blockquote__author\">Lutherbibel - 1984 revidierte Textfassung<\/cite>\n\t\t\t\t\t\t\t\t\t\t\t\t\t\t<\/div>\n\t\t\t\t\t<\/blockquote>\n\t\t\t\t\t\t<\/div>\n\t\t\t\t\t<\/div>\n\t\t\t\t<\/div>\n\t\t<div class=\"elementor-element elementor-element-df3a97f e-flex e-con-boxed e-con e-parent\" data-id=\"df3a97f\" data-element_type=\"container\" data-e-type=\"container\">\n\t\t\t\t\t<div class=\"e-con-inner\">\n\t\t\t\t<div class=\"elementor-element elementor-element-b61c730 elementor-widget elementor-widget-text-editor\" data-id=\"b61c730\" data-element_type=\"widget\" data-e-type=\"widget\" data-widget_type=\"text-editor.default\">\n\t\t\t\t\t\t\t\t\t<p>Das Jesus am dritten Tage auferstehen soll, ist zwar sch\u00f6n und gut. Jedoch denke ich nicht, das die J\u00fcnger die rede Solange geduldig still verfolgt haben. Wir haben heute das Gl\u00fcck es geschichte zu nennen. Jedoch war es zu diesem Zeitpunkt blanker irrsinn nach Jerusalem zu gehen, nachdem Gott eindeutig den Tod angek\u00fcndigt hat.<\/p><p>Aus der Geschichte haben wir gelernt: &#8220;Der Herr hat immer Recht!&#8221;. Jesus ist von den Toten auferstanden. Jesus ist zum Himmel aufgefahren. Jesus ist GOTT! Und Gott redet zu jeder Zeit mit uns Menschen.<\/p><p>Du willst auch Gott kennenlernen? In den kommenden Wochen werden wir &#8220;Gott kennenlernen&#8221; zum gro\u00dfen Thema machen.<\/p><p>Das Palmenfest ist Vergangenheit. Jesus lebt heute. Gott sucht nach dir. Gott will dich. Sag ihm Hallo. Im stillen K\u00e4mmerlein. Wo niemand au\u00dfer unserem Vater im Himmel ist. Und unser Vater im Himmel wird dir begegnen.<\/p><p>Freuen wir uns auf die kommenden Tage. Gott ist schon da. Wie ein Dieb in der Nacht!<\/p>\t\t\t\t\t\t\t\t<\/div>\n\t\t\t\t\t<\/div>\n\t\t\t\t<\/div>\n\t\t<div class=\"elementor-element elementor-element-5e36af3 e-flex e-con-boxed e-con e-parent\" data-id=\"5e36af3\" data-element_type=\"container\" data-e-type=\"container\">\n\t\t\t\t\t<div class=\"e-con-inner\">\n\t\t\t\t<div class=\"elementor-element elementor-element-2a7307e elementor-widget elementor-widget-text-editor\" data-id=\"2a7307e\" data-element_type=\"widget\" data-e-type=\"widget\" data-widget_type=\"text-editor.default\">\n\t\t\t\t\t\t\t\t\t<p>Dem Herrn zuliebe!<br \/>Himmelreich Th\u00fcringen<\/p>\t\t\t\t\t\t\t\t<\/div>\n\t\t\t\t\t<\/div>\n\t\t\t\t<\/div>\n\t\t\t\t<\/div>\n\t\t","protected":false},"excerpt":{"rendered":"<p>Himmelreich &#8211; Tag 67 F\u00fcr die J\u00fcnger um Jesus waren die Zeiten bombastisch. Kr\u00fcppel konnten gehen, Blinde sehen, Dumme wurden klug. Im Leben der J\u00fcnger schien es nichts Un\u00fcberwindbares zu geben. Und dann das: Matth\u00e4us 20 Vers [18] &#8220;Siehe, wir ziehen hinauf nach Jerusalem, und der Menschensohn wird den Hohenpriestern und Schriftgelehrten \u00fcberantwortet werden; und [&hellip;]<\/p>\n","protected":false},"author":1,"featured_media":1737,"comment_status":"open","ping_status":"open","sticky":false,"template":"","format":"standard","meta":{"footnotes":""},"categories":[4,97],"tags":[],"class_list":["post-1732","post","type-post","status-publish","format-standard","has-post-thumbnail","hentry","category-gott","category-jesus"],"_links":{"self":[{"href":"https:\/\/org.ef-urbich.de\/index.php?rest_route=\/wp\/v2\/posts\/1732","targetHints":{"allow":["GET"]}}],"collection":[{"href":"https:\/\/org.ef-urbich.de\/index.php?rest_route=\/wp\/v2\/posts"}],"about":[{"href":"https:\/\/org.ef-urbich.de\/index.php?rest_route=\/wp\/v2\/types\/post"}],"author":[{"embeddable":true,"href":"https:\/\/org.ef-urbich.de\/index.php?rest_route=\/wp\/v2\/users\/1"}],"replies":[{"embeddable":true,"href":"https:\/\/org.ef-urbich.de\/index.php?rest_route=%2Fwp%2Fv2%2Fcomments&post=1732"}],"version-history":[{"count":0,"href":"https:\/\/org.ef-urbich.de\/index.php?rest_route=\/wp\/v2\/posts\/1732\/revisions"}],"wp:featuredmedia":[{"embeddable":true,"href":"https:\/\/org.ef-urbich.de\/index.php?rest_route=\/wp\/v2\/media\/1737"}],"wp:attachment":[{"href":"https:\/\/org.ef-urbich.de\/index.php?rest_route=%2Fwp%2Fv2%2Fmedia&parent=1732"}],"wp:term":[{"taxonomy":"category","embeddable":true,"href":"https:\/\/org.ef-urbich.de\/index.php?rest_route=%2Fwp%2Fv2%2Fcategories&post=1732"},{"taxonomy":"post_tag","embeddable":true,"href":"https:\/\/org.ef-urbich.de\/index.php?rest_route=%2Fwp%2Fv2%2Ftags&post=1732"}],"curies":[{"name":"wp","href":"https:\/\/api.w.org\/{rel}","templated":true}]}}