{"id":1708,"date":"2025-04-10T21:06:15","date_gmt":"2025-04-10T19:06:15","guid":{"rendered":"https:\/\/das-original.com\/?p=1708"},"modified":"2025-04-10T21:06:15","modified_gmt":"2025-04-10T19:06:15","slug":"himmelreich-tag-64","status":"publish","type":"post","link":"https:\/\/org.ef-urbich.de\/?p=1708","title":{"rendered":"Himmelreich &#8211; Tag 64"},"content":{"rendered":"\t\t<div data-elementor-type=\"wp-post\" data-elementor-id=\"1708\" class=\"elementor elementor-1708\" data-elementor-post-type=\"post\">\n\t\t\t\t<div class=\"elementor-element elementor-element-55b1f5d e-flex e-con-boxed e-con e-parent\" data-id=\"55b1f5d\" data-element_type=\"container\" data-e-type=\"container\">\n\t\t\t\t\t<div class=\"e-con-inner\">\n\t\t\t\t<div class=\"elementor-element elementor-element-3f8599a elementor-widget elementor-widget-text-editor\" data-id=\"3f8599a\" data-element_type=\"widget\" data-e-type=\"widget\" data-widget_type=\"text-editor.default\">\n\t\t\t\t\t\t\t\t\t<p>Himmelreich &#8211; Tag 64<\/p><p>Wie Ihr selbst sehen k\u00f6nnt, schreiten die Umbauarbeiten voran und wir sto\u00dfen in den Frontend Bereich vor.<\/p><p>Die weitreichendsten \u00c4nderungen werden sich in den Kategorien der Beitr\u00e4ge widerspiegeln. Dank Gottes Hilfe schreitet die Struktur voran und wir k\u00f6nnen uns auf interessante Ergebnisse Freuen.<\/p><p>Dem Herrn Zuliebe!<br \/>IT &#8211; Himmelreich Th\u00fcringen<\/p>\t\t\t\t\t\t\t\t<\/div>\n\t\t\t\t\t<\/div>\n\t\t\t\t<\/div>\n\t\t\t\t<\/div>\n\t\t","protected":false},"excerpt":{"rendered":"<p>Himmelreich &#8211; Tag 64 Wie Ihr selbst sehen k\u00f6nnt, schreiten die Umbauarbeiten voran und wir sto\u00dfen in den Frontend Bereich vor. Die weitreichendsten \u00c4nderungen werden sich in den Kategorien der Beitr\u00e4ge widerspiegeln. Dank Gottes Hilfe schreitet die Struktur voran und wir k\u00f6nnen uns auf interessante Ergebnisse Freuen. Dem Herrn Zuliebe!IT &#8211; Himmelreich Th\u00fcringen<\/p>\n","protected":false},"author":1,"featured_media":1241,"comment_status":"open","ping_status":"open","sticky":false,"template":"","format":"standard","meta":{"footnotes":""},"categories":[66,115,44],"tags":[72,67],"class_list":["post-1708","post","type-post","status-publish","format-standard","has-post-thumbnail","hentry","category-das-original","category-dgb-enterprises","category-news","tag-informationstechnologie","tag-intranet"],"_links":{"self":[{"href":"https:\/\/org.ef-urbich.de\/index.php?rest_route=\/wp\/v2\/posts\/1708","targetHints":{"allow":["GET"]}}],"collection":[{"href":"https:\/\/org.ef-urbich.de\/index.php?rest_route=\/wp\/v2\/posts"}],"about":[{"href":"https:\/\/org.ef-urbich.de\/index.php?rest_route=\/wp\/v2\/types\/post"}],"author":[{"embeddable":true,"href":"https:\/\/org.ef-urbich.de\/index.php?rest_route=\/wp\/v2\/users\/1"}],"replies":[{"embeddable":true,"href":"https:\/\/org.ef-urbich.de\/index.php?rest_route=%2Fwp%2Fv2%2Fcomments&post=1708"}],"version-history":[{"count":0,"href":"https:\/\/org.ef-urbich.de\/index.php?rest_route=\/wp\/v2\/posts\/1708\/revisions"}],"wp:featuredmedia":[{"embeddable":true,"href":"https:\/\/org.ef-urbich.de\/index.php?rest_route=\/wp\/v2\/media\/1241"}],"wp:attachment":[{"href":"https:\/\/org.ef-urbich.de\/index.php?rest_route=%2Fwp%2Fv2%2Fmedia&parent=1708"}],"wp:term":[{"taxonomy":"category","embeddable":true,"href":"https:\/\/org.ef-urbich.de\/index.php?rest_route=%2Fwp%2Fv2%2Fcategories&post=1708"},{"taxonomy":"post_tag","embeddable":true,"href":"https:\/\/org.ef-urbich.de\/index.php?rest_route=%2Fwp%2Fv2%2Ftags&post=1708"}],"curies":[{"name":"wp","href":"https:\/\/api.w.org\/{rel}","templated":true}]}}