{"id":1560,"date":"2025-04-21T10:00:00","date_gmt":"2025-04-21T08:00:00","guid":{"rendered":"https:\/\/das-original.com\/?p=1560"},"modified":"2025-04-21T10:00:00","modified_gmt":"2025-04-21T08:00:00","slug":"die-erweckung-des-timo-thejus-der-friedensstifter","status":"publish","type":"post","link":"https:\/\/org.ef-urbich.de\/?p=1560","title":{"rendered":"Die Erweckung des Timo-Thejus &#8211; &#8220;Der Friedensstifter&#8221;"},"content":{"rendered":"\t\t<div data-elementor-type=\"wp-post\" data-elementor-id=\"1560\" class=\"elementor elementor-1560\" data-elementor-post-type=\"post\">\n\t\t\t\t<div class=\"elementor-element elementor-element-58acbca e-flex e-con-boxed e-con e-parent\" data-id=\"58acbca\" data-element_type=\"container\" data-e-type=\"container\">\n\t\t\t\t\t<div class=\"e-con-inner\">\n\t\t\t\t<div class=\"elementor-element elementor-element-fe21605 elementor-widget elementor-widget-text-editor\" data-id=\"fe21605\" data-element_type=\"widget\" data-e-type=\"widget\" data-widget_type=\"text-editor.default\">\n\t\t\t\t\t\t\t\t\t<p>Himmelreich &#8211; Tag 75<\/p><p>Ich m\u00f6chte euch heute von meinem Namen berichten. Timo-Thejus &#8211; Der Friedensstifter. Ein au\u00dfergew\u00f6hnlicher Name. Einzigartig. Noch niemals geh\u00f6rt. Unbekannt. Geschrieben auf einem wei\u00dfen Stein den Niemand kennt.<\/p><p>Lange ist es her. Da erwachte ich durch ein lautes Rufen. Timo-Thejus rief eine Stimme. Timo-Thejus, Timo-Thejus, Timo-Thejus, Timo-Thejus, &#8230;<\/p><p>Ich sah mich um. Niemand im Raum. Die Stimme ruft weiter. Timo-Thejus, Timo-Thejus, Timo-Thejus, &#8230;<\/p><p>Und trotz dieser ungew\u00f6hnlichen Situation antwortete ich. Ich fragte wer da sei. Die Stimme sagte, dass er mein Freund Jesus ist, und ich mich doch erst eben mit Ihm unterhalten h\u00e4tte.<\/p>\t\t\t\t\t\t\t\t<\/div>\n\t\t<div class=\"elementor-element elementor-element-2c43be6 e-grid e-con-full e-con e-child\" data-id=\"2c43be6\" data-element_type=\"container\" data-e-type=\"container\">\n\t\t\t\t<div class=\"elementor-element elementor-element-ef412f8 elementor-widget elementor-widget-image\" data-id=\"ef412f8\" data-element_type=\"widget\" data-e-type=\"widget\" data-widget_type=\"image.default\">\n\t\t\t\t\t\t\t\t\t\t\t\t\t\t\t<img fetchpriority=\"high\" decoding=\"async\" width=\"640\" height=\"427\" src=\"https:\/\/org.ef-urbich.de\/wp-content\/uploads\/2025\/04\/weite-1024x683.jpg\" class=\"attachment-large size-large wp-image-1846\" alt=\"Stadtblick bei Nacht\" srcset=\"https:\/\/org.ef-urbich.de\/wp-content\/uploads\/2025\/04\/weite-1024x683.jpg 1024w, https:\/\/org.ef-urbich.de\/wp-content\/uploads\/2025\/04\/weite-300x200.jpg 300w, https:\/\/org.ef-urbich.de\/wp-content\/uploads\/2025\/04\/weite-768x512.jpg 768w, https:\/\/org.ef-urbich.de\/wp-content\/uploads\/2025\/04\/weite-1536x1024.jpg 1536w, https:\/\/org.ef-urbich.de\/wp-content\/uploads\/2025\/04\/weite.jpg 1920w\" sizes=\"(max-width: 640px) 100vw, 640px\" \/>\t\t\t\t\t\t\t\t\t\t\t\t\t\t\t<\/div>\n\t\t\t\t<div class=\"elementor-element elementor-element-9e1e28c elementor-widget elementor-widget-text-editor\" data-id=\"9e1e28c\" data-element_type=\"widget\" data-e-type=\"widget\" data-widget_type=\"text-editor.default\">\n\t\t\t\t\t\t\t\t\t<p>Ich versteckte mich noch eine weile unter meiner Decke. Die Stimme rief jedoch weiter und lauter als zuvor. Timo-Thejus, Timo-Thejus, Timo-Thejus, &#8230;<\/p><p>Wieder fragte ich, wer da sei. Die Stimme sagte wieder: Ich bins doch, Jesus, dein Kumpel. Du hast mir doch vorhin erst von diesem Ereigniss erz\u00e4hlt.<\/p><p>Stille, Panik, Ruhe, Aufregung, alles zusammen und viel mehr. Jedoch Rief die Stimme wieder: Timo-Thejus, Timo-Thejus, Timo-Thejus, Timo-Thejus, Timo-Thejus, Timo-Thejus, Timo-Thejus, Timo-Thejus, Timo-Thejus, &#8230;<\/p><p>Ich sagte etwas ungehaltener zur\u00fcck: Was ist&#8230;? Die Stimme sprach weiter mit mir und ich wurde ruhiger.<\/p>\t\t\t\t\t\t\t\t<\/div>\n\t\t\t\t<div class=\"elementor-element elementor-element-7ff25de elementor-widget elementor-widget-text-editor\" data-id=\"7ff25de\" data-element_type=\"widget\" data-e-type=\"widget\" data-widget_type=\"text-editor.default\">\n\t\t\t\t\t\t\t\t\t<p>Nach einiger Zeit schlief ich wieder ein. Ich dachte es w\u00e4re ein Traum gewesen. Doch Gott sprach einfach wieder zu mir. Timo-Thejus.<\/p><p>Dieses Mal war ich etwas ruhiger und konnte ein paar Worte\/Gedanken \u00e4u\u00dfern und war vom Heiligen Geist berauscht. Von seiner Anwesenheit und Gegenwart.<\/p><p>Das ist jetzt knapp 11 Jahre her. Seitdem hat sich viel ver\u00e4ndert. Ich wurde mutiger in der &#8220;Prophetischen Rede&#8221;. Nicht zu verwechseln mit Weissagung. Er zeigte mir Zungenrede, Heilung, versetzte Berge und er \u00f6ffnete sogar einen verschlossenen Tresor f\u00fcr mich.<\/p>\t\t\t\t\t\t\t\t<\/div>\n\t\t\t\t<div class=\"elementor-element elementor-element-849238c elementor-widget elementor-widget-image\" data-id=\"849238c\" data-element_type=\"widget\" data-e-type=\"widget\" data-widget_type=\"image.default\">\n\t\t\t\t\t\t\t\t\t\t\t\t\t\t\t<img decoding=\"async\" width=\"640\" height=\"582\" src=\"https:\/\/org.ef-urbich.de\/wp-content\/uploads\/2025\/04\/tresor-1024x931.jpg\" class=\"attachment-large size-large wp-image-1856\" alt=\"Tresor\" srcset=\"https:\/\/org.ef-urbich.de\/wp-content\/uploads\/2025\/04\/tresor-1024x931.jpg 1024w, https:\/\/org.ef-urbich.de\/wp-content\/uploads\/2025\/04\/tresor-300x273.jpg 300w, https:\/\/org.ef-urbich.de\/wp-content\/uploads\/2025\/04\/tresor-768x698.jpg 768w, https:\/\/org.ef-urbich.de\/wp-content\/uploads\/2025\/04\/tresor-1536x1397.jpg 1536w, https:\/\/org.ef-urbich.de\/wp-content\/uploads\/2025\/04\/tresor.jpg 1920w\" sizes=\"(max-width: 640px) 100vw, 640px\" \/>\t\t\t\t\t\t\t\t\t\t\t\t\t\t\t<\/div>\n\t\t\t\t<\/div>\n\t\t\t\t\t<\/div>\n\t\t\t\t<\/div>\n\t\t<div class=\"elementor-element elementor-element-266cc57 e-flex e-con-boxed e-con e-parent\" data-id=\"266cc57\" data-element_type=\"container\" data-e-type=\"container\">\n\t\t\t\t\t<div class=\"e-con-inner\">\n\t\t\t\t<div class=\"elementor-element elementor-element-ce2b954 elementor-widget elementor-widget-text-editor\" data-id=\"ce2b954\" data-element_type=\"widget\" data-e-type=\"widget\" data-widget_type=\"text-editor.default\">\n\t\t\t\t\t\t\t\t\t<p>\u00dcber all die Geschehnisse, Wunder, Entbehrungen und Opfer werde ich zu gegebener Zeit Berichten. In diesen wird ersichtlich, das Timo-Thejus nicht nur ein Titel oder Name ist. Es war von Anfang an meine Bestimmung.<\/p><p>Interesannte Anmerkung. Als ich ein kleiner Junge war, sagte ein Prophet zu mir: &#8220;Du wirst mal ein Prediger&#8221;. 25 Jahre bin ich dem aus dem Weg gegangen. Nur um zu erkennen, dass ich mein Leben lang schon ein Prediger gewesen bin. Denn schon immer sage ich: Jesus ist mein bester Freund und Gott hat immer Recht!<\/p>\t\t\t\t\t\t\t\t<\/div>\n\t\t\t\t<div class=\"elementor-element elementor-element-6466e44 elementor-widget elementor-widget-text-editor\" data-id=\"6466e44\" data-element_type=\"widget\" data-e-type=\"widget\" data-widget_type=\"text-editor.default\">\n\t\t\t\t\t\t\t\t\t<p>[\u201cDem Herrn Zuliebe!\u201d sagen. 2 Schl\u00e4ge auf die Brust und den Arm zum Segnen bereit gen Himmel gestreckt.]<\/p>\t\t\t\t\t\t\t\t<\/div>\n\t\t\t\t\t<\/div>\n\t\t\t\t<\/div>\n\t\t\t\t<\/div>\n\t\t","protected":false},"excerpt":{"rendered":"<p>Himmelreich &#8211; Tag 75 Ich m\u00f6chte euch heute von meinem Namen berichten. Timo-Thejus &#8211; Der Friedensstifter. Ein au\u00dfergew\u00f6hnlicher Name. Einzigartig. Noch niemals geh\u00f6rt. Unbekannt. Geschrieben auf einem wei\u00dfen Stein den Niemand kennt. Lange ist es her. Da erwachte ich durch ein lautes Rufen. Timo-Thejus rief eine Stimme. Timo-Thejus, Timo-Thejus, Timo-Thejus, Timo-Thejus, &#8230; Ich sah mich [&hellip;]<\/p>\n","protected":false},"author":1,"featured_media":1863,"comment_status":"open","ping_status":"open","sticky":false,"template":"","format":"standard","meta":{"footnotes":""},"categories":[29,44,15,109],"tags":[],"class_list":["post-1560","post","type-post","status-publish","format-standard","has-post-thumbnail","hentry","category-gedanken","category-news","category-timo-thejus","category-wissen-timo-thejus"],"_links":{"self":[{"href":"https:\/\/org.ef-urbich.de\/index.php?rest_route=\/wp\/v2\/posts\/1560","targetHints":{"allow":["GET"]}}],"collection":[{"href":"https:\/\/org.ef-urbich.de\/index.php?rest_route=\/wp\/v2\/posts"}],"about":[{"href":"https:\/\/org.ef-urbich.de\/index.php?rest_route=\/wp\/v2\/types\/post"}],"author":[{"embeddable":true,"href":"https:\/\/org.ef-urbich.de\/index.php?rest_route=\/wp\/v2\/users\/1"}],"replies":[{"embeddable":true,"href":"https:\/\/org.ef-urbich.de\/index.php?rest_route=%2Fwp%2Fv2%2Fcomments&post=1560"}],"version-history":[{"count":0,"href":"https:\/\/org.ef-urbich.de\/index.php?rest_route=\/wp\/v2\/posts\/1560\/revisions"}],"wp:featuredmedia":[{"embeddable":true,"href":"https:\/\/org.ef-urbich.de\/index.php?rest_route=\/wp\/v2\/media\/1863"}],"wp:attachment":[{"href":"https:\/\/org.ef-urbich.de\/index.php?rest_route=%2Fwp%2Fv2%2Fmedia&parent=1560"}],"wp:term":[{"taxonomy":"category","embeddable":true,"href":"https:\/\/org.ef-urbich.de\/index.php?rest_route=%2Fwp%2Fv2%2Fcategories&post=1560"},{"taxonomy":"post_tag","embeddable":true,"href":"https:\/\/org.ef-urbich.de\/index.php?rest_route=%2Fwp%2Fv2%2Ftags&post=1560"}],"curies":[{"name":"wp","href":"https:\/\/api.w.org\/{rel}","templated":true}]}}