{"id":1420,"date":"2025-04-02T22:34:01","date_gmt":"2025-04-02T20:34:01","guid":{"rendered":"https:\/\/das-original.com\/?p=1420"},"modified":"2025-04-02T22:34:01","modified_gmt":"2025-04-02T20:34:01","slug":"das-palmenfest","status":"publish","type":"post","link":"https:\/\/org.ef-urbich.de\/?p=1420","title":{"rendered":"Der Weg zum Palmenfest [Teil 1]"},"content":{"rendered":"\t\t<div data-elementor-type=\"wp-post\" data-elementor-id=\"1420\" class=\"elementor elementor-1420\" data-elementor-post-type=\"post\">\n\t\t\t\t<div class=\"elementor-element elementor-element-8107ad3 e-flex e-con-boxed e-con e-parent\" data-id=\"8107ad3\" data-element_type=\"container\" data-e-type=\"container\">\n\t\t\t\t\t<div class=\"e-con-inner\">\n\t\t\t\t<div class=\"elementor-element elementor-element-989de8c elementor-widget elementor-widget-text-editor\" data-id=\"989de8c\" data-element_type=\"widget\" data-e-type=\"widget\" data-widget_type=\"text-editor.default\">\n\t\t\t\t\t\t\t\t\t<p>Himmelreich &#8211; Tag 59<\/p><p>Das Palmenfest feiern wir als Himmelreich Th\u00fcringen um uns an die Heldentaten unseres gro\u00dfen Gottes und Anf\u00fchres Jesus zu erinnern. Ebenso machen wir uns bewusst, welchen Mut dieser Weg erfordert hat.<\/p><p>Palmensonntag ist der Sonntag vor Ostersonntag. Die Bedrohungslage um Jesus und seine getreuen war erheblich. Seit 3 Jahren haben Sie im ganzen Land durch Zeichen und Wunder Unruhe gestiftet. Der dortigen Regierung war dies nicht nur ein \u00c4rgerniss. Ihre gesamte Autorit\u00e4t und Staatsmacht wurde von einem Mann und ein paar seiner Freunde in Frage gestellt.<br \/>Soviel zur gegebenen Situation, in welcher sich Gott(Jesus) und seine Br\u00fcder befanden.<\/p><p>Forsetzung folgt&#8230;<\/p>\t\t\t\t\t\t\t\t<\/div>\n\t\t\t\t\t<\/div>\n\t\t\t\t<\/div>\n\t\t<div class=\"elementor-element elementor-element-0ec39ed e-flex e-con-boxed e-con e-parent\" data-id=\"0ec39ed\" data-element_type=\"container\" data-e-type=\"container\">\n\t\t\t\t\t<div class=\"e-con-inner\">\n\t\t\t\t<div class=\"elementor-element elementor-element-96e537e elementor-widget elementor-widget-text-editor\" data-id=\"96e537e\" data-element_type=\"widget\" data-e-type=\"widget\" data-widget_type=\"text-editor.default\">\n\t\t\t\t\t\t\t\t\t<p>p.S. Es gr\u00fc\u00dft mit dem Himmelreich Gru\u00df: 2 Schl\u00e4ge auf die Brust und zum segnen bereit den Arm gen Himmel gestreckt sagend &#8220;Dem Herrn zuliebe!&#8221;. Das ist Gottes Gru\u00df. Der Himmelreich Gru\u00df<\/p>\t\t\t\t\t\t\t\t<\/div>\n\t\t\t\t\t<\/div>\n\t\t\t\t<\/div>\n\t\t<div class=\"elementor-element elementor-element-1300a2a e-flex e-con-boxed e-con e-parent\" data-id=\"1300a2a\" data-element_type=\"container\" data-e-type=\"container\">\n\t\t\t\t\t<div class=\"e-con-inner\">\n\t\t\t\t<div class=\"elementor-element elementor-element-9533ba9 elementor-widget elementor-widget-text-editor\" data-id=\"9533ba9\" data-element_type=\"widget\" data-e-type=\"widget\" data-widget_type=\"text-editor.default\">\n\t\t\t\t\t\t\t\t\t<p>p.S.S. [Gott ruft alle mit Ohren: Die 7. Posaune ist Erwacht! Der Dieb ist im Haus! Das Kaufen ist nur noch m\u00f6glich mit einem Siegel an Hand und Stirn. Wacht auf und folgt dem Ruf!<\/p><p>Wer Ohren hat der h\u00f6re! H\u00f6rt und kommt! Der Geist hat euch gesagt wohin.]<\/p>\t\t\t\t\t\t\t\t<\/div>\n\t\t\t\t\t<\/div>\n\t\t\t\t<\/div>\n\t\t\t\t<\/div>\n\t\t","protected":false},"excerpt":{"rendered":"<p>Himmelreich &#8211; Tag 59 Das Palmenfest feiern wir als Himmelreich Th\u00fcringen um uns an die Heldentaten unseres gro\u00dfen Gottes und Anf\u00fchres Jesus zu erinnern. Ebenso machen wir uns bewusst, welchen Mut dieser Weg erfordert hat. Palmensonntag ist der Sonntag vor Ostersonntag. Die Bedrohungslage um Jesus und seine getreuen war erheblich. Seit 3 Jahren haben Sie [&hellip;]<\/p>\n","protected":false},"author":1,"featured_media":1450,"comment_status":"open","ping_status":"open","sticky":false,"template":"","format":"standard","meta":{"footnotes":""},"categories":[4,95,109],"tags":[31],"class_list":["post-1420","post","type-post","status-publish","format-standard","has-post-thumbnail","hentry","category-gott","category-herr-zebaoth","category-wissen-timo-thejus","tag-gott"],"_links":{"self":[{"href":"https:\/\/org.ef-urbich.de\/index.php?rest_route=\/wp\/v2\/posts\/1420","targetHints":{"allow":["GET"]}}],"collection":[{"href":"https:\/\/org.ef-urbich.de\/index.php?rest_route=\/wp\/v2\/posts"}],"about":[{"href":"https:\/\/org.ef-urbich.de\/index.php?rest_route=\/wp\/v2\/types\/post"}],"author":[{"embeddable":true,"href":"https:\/\/org.ef-urbich.de\/index.php?rest_route=\/wp\/v2\/users\/1"}],"replies":[{"embeddable":true,"href":"https:\/\/org.ef-urbich.de\/index.php?rest_route=%2Fwp%2Fv2%2Fcomments&post=1420"}],"version-history":[{"count":0,"href":"https:\/\/org.ef-urbich.de\/index.php?rest_route=\/wp\/v2\/posts\/1420\/revisions"}],"wp:featuredmedia":[{"embeddable":true,"href":"https:\/\/org.ef-urbich.de\/index.php?rest_route=\/wp\/v2\/media\/1450"}],"wp:attachment":[{"href":"https:\/\/org.ef-urbich.de\/index.php?rest_route=%2Fwp%2Fv2%2Fmedia&parent=1420"}],"wp:term":[{"taxonomy":"category","embeddable":true,"href":"https:\/\/org.ef-urbich.de\/index.php?rest_route=%2Fwp%2Fv2%2Fcategories&post=1420"},{"taxonomy":"post_tag","embeddable":true,"href":"https:\/\/org.ef-urbich.de\/index.php?rest_route=%2Fwp%2Fv2%2Ftags&post=1420"}],"curies":[{"name":"wp","href":"https:\/\/api.w.org\/{rel}","templated":true}]}}