{"id":1383,"date":"2025-03-04T10:48:56","date_gmt":"2025-03-04T09:48:56","guid":{"rendered":"https:\/\/das-original.com\/?p=1383"},"modified":"2025-03-04T10:48:56","modified_gmt":"2025-03-04T09:48:56","slug":"meldung-erster-ausseneinsatz-des-himmelreich-thueringen","status":"publish","type":"post","link":"https:\/\/org.ef-urbich.de\/?p=1383","title":{"rendered":"[T-27]Meldung: Erster Au\u00dfeneinsatz des Himmelreich Th\u00fcringen"},"content":{"rendered":"\t\t<div data-elementor-type=\"wp-post\" data-elementor-id=\"1383\" class=\"elementor elementor-1383\" data-elementor-post-type=\"post\">\n\t\t\t\t<div class=\"elementor-element elementor-element-4b364b4 e-flex e-con-boxed e-con e-parent\" data-id=\"4b364b4\" data-element_type=\"container\" data-e-type=\"container\">\n\t\t\t\t\t<div class=\"e-con-inner\">\n\t\t\t\t<div class=\"elementor-element elementor-element-9c0587f elementor-widget elementor-widget-text-editor\" data-id=\"9c0587f\" data-element_type=\"widget\" data-e-type=\"widget\" data-widget_type=\"text-editor.default\">\n\t\t\t\t\t\t\t\t\t<p><strong>Himmelreich &#8211; Tag 27<\/strong><\/p><p>Gelobt sei der Herr!<\/p><p>Gott baut das Himmelreich Th\u00fcringen schon sehr lange. Erfreulich, dass wir in einer Zeit leben, in der viele Vorbereitungen abgeschlossen werden und f\u00fcr uns sichtbar sind.<\/p><p>Auch wenn es noch nicht offiziell angek\u00fcndigt wurde und noch nicht vom ersten Einsatz gesprochen werden kann, hat der Heilige Geist dennoch gerufen und die Arbeiter gingen an ihr Werk.<\/p><p>Was ist passiert? Ein gehbehinderter B\u00fcrger ist heute mit seinem Seniorenmobil liegen geblieben. Nach einem kurzen Gebet empfahl der Heilige Geist, sich versuchsweise an das Himmelreich Th\u00fcringen zu wenden. Und siehe da, es wird seit einer ganzen Weile an einem Himmelreich Th\u00fcringen B\u00fcrger hilft B\u00fcrger Projekt gearbeitet.<\/p><p>Auch wenn das Projekt noch nicht fertig ist, so war es f\u00fcr alle Beteiligten ein Hochgenuss, den Heiligen Geist wirken zu sehen. Durch den Heiligen Geist und einen hilfsbereiten sowie gegen\u00fcber Gott gehorsamen B\u00fcrger von \u201eHimmelreich Th\u00fcringen\u201c wurde das Problem schnell gel\u00f6st.<\/p><p>Dem Herrn zuliebe!<br \/>Himmelreich Th\u00fcringen<\/p>\t\t\t\t\t\t\t\t<\/div>\n\t\t\t\t<div class=\"elementor-element elementor-element-a533be6 elementor-widget elementor-widget-text-editor\" data-id=\"a533be6\" data-element_type=\"widget\" data-e-type=\"widget\" data-widget_type=\"text-editor.default\">\n\t\t\t\t\t\t\t\t\t<p><strong>Nachtrag &#8211; Himmelreich &#8211; Tag 28<\/strong><\/p>\t\t\t\t\t\t\t\t<\/div>\n\t\t\t\t\t<\/div>\n\t\t\t\t<\/div>\n\t\t<div class=\"elementor-element elementor-element-9c028d8 e-flex e-con-boxed e-con e-parent\" data-id=\"9c028d8\" data-element_type=\"container\" data-e-type=\"container\">\n\t\t\t\t\t<div class=\"e-con-inner\">\n\t\t<div class=\"elementor-element elementor-element-4fce799 e-grid e-con-full e-con e-child\" data-id=\"4fce799\" data-element_type=\"container\" data-e-type=\"container\">\n\t\t\t\t<div class=\"elementor-element elementor-element-0171c24 elementor-widget elementor-widget-text-editor\" data-id=\"0171c24\" data-element_type=\"widget\" data-e-type=\"widget\" data-widget_type=\"text-editor.default\">\n\t\t\t\t\t\t\t\t\t<p>Durch die Recherche unserer Redaktion stehen nun mehr Informationen zur Verf\u00fcgung.<\/p><p>Der Akku des Liegengebliebenen Rollis waren ersch\u00f6pft. Ein Himmelreich Th\u00fcringen B\u00fcrger konnte entsprechendes Equipment beschaffen und so eine Notladung vor Ort durchf\u00fchren.<\/p><p>Ein gro\u00dfes Dankesch\u00f6n von Gott und dem Himmelreich Th\u00fcringen geht an &#8220;K\u00f6rperformen Erfurt &#8211; EMS Gesundheitsstudio&#8221;. Diese stellten eine Stromquelle zur Verf\u00fcgung, sodass kein extra Aggregat transportiert werden musste.<\/p>\t\t\t\t\t\t\t\t<\/div>\n\t\t\t\t<div class=\"elementor-element elementor-element-e382116 elementor-widget elementor-widget-image\" data-id=\"e382116\" data-element_type=\"widget\" data-e-type=\"widget\" data-widget_type=\"image.default\">\n\t\t\t\t\t\t\t\t\t\t\t\t\t\t\t<img fetchpriority=\"high\" decoding=\"async\" width=\"640\" height=\"482\" src=\"https:\/\/org.ef-urbich.de\/wp-content\/uploads\/2025\/03\/ersteinsatz_vorort-1024x771.jpg\" class=\"attachment-large size-large wp-image-1406\" alt=\"Magdeburger Allee - Himmelreich B\u00fcrger neben defektem Seniorenmobil\" srcset=\"https:\/\/org.ef-urbich.de\/wp-content\/uploads\/2025\/03\/ersteinsatz_vorort-1024x771.jpg 1024w, https:\/\/org.ef-urbich.de\/wp-content\/uploads\/2025\/03\/ersteinsatz_vorort-300x226.jpg 300w, https:\/\/org.ef-urbich.de\/wp-content\/uploads\/2025\/03\/ersteinsatz_vorort-768x579.jpg 768w, https:\/\/org.ef-urbich.de\/wp-content\/uploads\/2025\/03\/ersteinsatz_vorort.jpg 1200w\" sizes=\"(max-width: 640px) 100vw, 640px\" \/>\t\t\t\t\t\t\t\t\t\t\t\t\t\t\t<\/div>\n\t\t\t\t<\/div>\n\t\t\t\t\t<\/div>\n\t\t\t\t<\/div>\n\t\t\t\t<\/div>\n\t\t","protected":false},"excerpt":{"rendered":"<p>Himmelreich &#8211; Tag 27 Gelobt sei der Herr! Gott baut das Himmelreich Th\u00fcringen schon sehr lange. Erfreulich, dass wir in einer Zeit leben, in der viele Vorbereitungen abgeschlossen werden und f\u00fcr uns sichtbar sind. Auch wenn es noch nicht offiziell angek\u00fcndigt wurde und noch nicht vom ersten Einsatz gesprochen werden kann, hat der Heilige Geist [&hellip;]<\/p>\n","protected":false},"author":1,"featured_media":1388,"comment_status":"open","ping_status":"open","sticky":false,"template":"","format":"standard","meta":{"footnotes":""},"categories":[2,44,36],"tags":[],"class_list":["post-1383","post","type-post","status-publish","format-standard","has-post-thumbnail","hentry","category-himmelreich-thueringen","category-news","category-welt"],"_links":{"self":[{"href":"https:\/\/org.ef-urbich.de\/index.php?rest_route=\/wp\/v2\/posts\/1383","targetHints":{"allow":["GET"]}}],"collection":[{"href":"https:\/\/org.ef-urbich.de\/index.php?rest_route=\/wp\/v2\/posts"}],"about":[{"href":"https:\/\/org.ef-urbich.de\/index.php?rest_route=\/wp\/v2\/types\/post"}],"author":[{"embeddable":true,"href":"https:\/\/org.ef-urbich.de\/index.php?rest_route=\/wp\/v2\/users\/1"}],"replies":[{"embeddable":true,"href":"https:\/\/org.ef-urbich.de\/index.php?rest_route=%2Fwp%2Fv2%2Fcomments&post=1383"}],"version-history":[{"count":0,"href":"https:\/\/org.ef-urbich.de\/index.php?rest_route=\/wp\/v2\/posts\/1383\/revisions"}],"wp:featuredmedia":[{"embeddable":true,"href":"https:\/\/org.ef-urbich.de\/index.php?rest_route=\/wp\/v2\/media\/1388"}],"wp:attachment":[{"href":"https:\/\/org.ef-urbich.de\/index.php?rest_route=%2Fwp%2Fv2%2Fmedia&parent=1383"}],"wp:term":[{"taxonomy":"category","embeddable":true,"href":"https:\/\/org.ef-urbich.de\/index.php?rest_route=%2Fwp%2Fv2%2Fcategories&post=1383"},{"taxonomy":"post_tag","embeddable":true,"href":"https:\/\/org.ef-urbich.de\/index.php?rest_route=%2Fwp%2Fv2%2Ftags&post=1383"}],"curies":[{"name":"wp","href":"https:\/\/api.w.org\/{rel}","templated":true}]}}