{"id":1218,"date":"2025-02-16T03:30:00","date_gmt":"2025-02-16T02:30:00","guid":{"rendered":"https:\/\/das-original.com\/?p=1218"},"modified":"2025-02-16T03:30:00","modified_gmt":"2025-02-16T02:30:00","slug":"das-wort-zum-sonntag-die-liebe-zu-jesus","status":"publish","type":"post","link":"https:\/\/org.ef-urbich.de\/?p=1218","title":{"rendered":"Das Wort zum Sonntag &#8211; &#8220;Die Liebe zu Jesus&#8221;"},"content":{"rendered":"\t\t<div data-elementor-type=\"wp-post\" data-elementor-id=\"1218\" class=\"elementor elementor-1218\" data-elementor-post-type=\"post\">\n\t\t\t\t<div class=\"elementor-element elementor-element-24a8369 e-flex e-con-boxed e-con e-parent\" data-id=\"24a8369\" data-element_type=\"container\" data-e-type=\"container\">\n\t\t\t\t\t<div class=\"e-con-inner\">\n\t\t\t\t<div class=\"elementor-element elementor-element-f7906d9 elementor-widget elementor-widget-text-editor\" data-id=\"f7906d9\" data-element_type=\"widget\" data-e-type=\"widget\" data-widget_type=\"text-editor.default\">\n\t\t\t\t\t\t\t\t\t<p>(Himmelreich &#8211; Tag 11)<br \/>Die Liebe zu Jesus ist ein mannigfaltiges Thema. Eine junge Dame in meiner Heimatgemeinde hat es bereits w\u00e4hrend einer Predigt treffend formuliert.<br \/>Die Liebe zu Jesus ist keine Internetbeziehung bei der man ab und zu Online geht und schaut was der andere so treibt. Es ist eine Freundschaft, ein Leben, ein Gemeinsam sein. Ein Leben wie Mann und Frau.<\/p><p>Ich finde es so treffend, das Gott selbst uns in der Bibel als seine Frau bezeichnet. Er liebt uns ohne Ende. Er will nur das Beste f\u00fcr uns. Ist bereit selbst leid zu tragen und nimmt in Kauf, das seine geliebte Frau b\u00f6ses sieht um B\u00f6ses verachten zu lernen.<\/p><p>Ein echter Mann also.<\/p><p>Da Jesus bald wieder kommt, sei es nochmal allen in erinnerung gerufen. Der Dieb ist im Haus! Wer Ohren hat, der h\u00f6re, was der Geist der Gemeinden sagt!<\/p><p>Timo-Thejus mit ausgestrecktem rechtem Arm zum Segen bereit.<\/p><p>Dem Herrn zuliebe!<br \/>Segne ich euch mit allem guten, was der Herr f\u00fcr euch bereitet hat.<br \/>Amen!<\/p>\t\t\t\t\t\t\t\t<\/div>\n\t\t<div class=\"elementor-element elementor-element-d1d1cdd e-grid e-con-full e-con e-child\" data-id=\"d1d1cdd\" data-element_type=\"container\" data-e-type=\"container\">\n\t\t\t\t<\/div>\n\t\t\t\t\t<\/div>\n\t\t\t\t<\/div>\n\t\t\t\t<\/div>\n\t\t","protected":false},"excerpt":{"rendered":"<p>(Himmelreich &#8211; Tag 11)Die Liebe zu Jesus ist ein mannigfaltiges Thema. Eine junge Dame in meiner Heimatgemeinde hat es bereits w\u00e4hrend einer Predigt treffend formuliert.Die Liebe zu Jesus ist keine Internetbeziehung bei der man ab und zu Online geht und schaut was der andere so treibt. Es ist eine Freundschaft, ein Leben, ein Gemeinsam sein. [&hellip;]<\/p>\n","protected":false},"author":1,"featured_media":1223,"comment_status":"closed","ping_status":"open","sticky":false,"template":"","format":"standard","meta":{"footnotes":""},"categories":[24,4,69,107],"tags":[31,150],"class_list":["post-1218","post","type-post","status-publish","format-standard","has-post-thumbnail","hentry","category-das-wort-zum-sonntag","category-gott","category-lehre","category-weisheit-timo-thejus","tag-gott","tag-liebe"],"_links":{"self":[{"href":"https:\/\/org.ef-urbich.de\/index.php?rest_route=\/wp\/v2\/posts\/1218","targetHints":{"allow":["GET"]}}],"collection":[{"href":"https:\/\/org.ef-urbich.de\/index.php?rest_route=\/wp\/v2\/posts"}],"about":[{"href":"https:\/\/org.ef-urbich.de\/index.php?rest_route=\/wp\/v2\/types\/post"}],"author":[{"embeddable":true,"href":"https:\/\/org.ef-urbich.de\/index.php?rest_route=\/wp\/v2\/users\/1"}],"replies":[{"embeddable":true,"href":"https:\/\/org.ef-urbich.de\/index.php?rest_route=%2Fwp%2Fv2%2Fcomments&post=1218"}],"version-history":[{"count":0,"href":"https:\/\/org.ef-urbich.de\/index.php?rest_route=\/wp\/v2\/posts\/1218\/revisions"}],"wp:featuredmedia":[{"embeddable":true,"href":"https:\/\/org.ef-urbich.de\/index.php?rest_route=\/wp\/v2\/media\/1223"}],"wp:attachment":[{"href":"https:\/\/org.ef-urbich.de\/index.php?rest_route=%2Fwp%2Fv2%2Fmedia&parent=1218"}],"wp:term":[{"taxonomy":"category","embeddable":true,"href":"https:\/\/org.ef-urbich.de\/index.php?rest_route=%2Fwp%2Fv2%2Fcategories&post=1218"},{"taxonomy":"post_tag","embeddable":true,"href":"https:\/\/org.ef-urbich.de\/index.php?rest_route=%2Fwp%2Fv2%2Ftags&post=1218"}],"curies":[{"name":"wp","href":"https:\/\/api.w.org\/{rel}","templated":true}]}}