{"id":1160,"date":"2025-02-07T13:43:31","date_gmt":"2025-02-07T12:43:31","guid":{"rendered":"https:\/\/das-original.com\/?p=1160"},"modified":"2025-02-07T13:43:31","modified_gmt":"2025-02-07T12:43:31","slug":"himmelreich-tag-2","status":"publish","type":"post","link":"https:\/\/org.ef-urbich.de\/?p=1160","title":{"rendered":"Himmelreich: Tag 2"},"content":{"rendered":"\t\t<div data-elementor-type=\"wp-post\" data-elementor-id=\"1160\" class=\"elementor elementor-1160\" data-elementor-post-type=\"post\">\n\t\t\t\t<div class=\"elementor-element elementor-element-7b45dd7 e-grid e-con-boxed e-con e-parent\" data-id=\"7b45dd7\" data-element_type=\"container\" data-e-type=\"container\">\n\t\t\t\t\t<div class=\"e-con-inner\">\n\t\t\t\t<div class=\"elementor-element elementor-element-350b4d8 elementor-widget elementor-widget-text-editor\" data-id=\"350b4d8\" data-element_type=\"widget\" data-e-type=\"widget\" data-widget_type=\"text-editor.default\">\n\t\t\t\t\t\t\t\t\t<p>Himmelreich: Tag 2<\/p><p>Tag Zwei in der Ewigkeit. Das muss man erstmal verdauen&#8230;<\/p><p>Herr Zebaoth hat nie aufgeh\u00f6rt mit uns Menschen zu reden. Allerdings, gab es in den letzten Jahrhunderten haupts\u00e4chlich nur Pers\u00f6nliche anliegen.<\/p>\t\t\t\t\t\t\t\t<\/div>\n\t\t\t\t<div class=\"elementor-element elementor-element-7d927c5 elementor-widget elementor-widget-image\" data-id=\"7d927c5\" data-element_type=\"widget\" data-e-type=\"widget\" data-widget_type=\"image.default\">\n\t\t\t\t\t\t\t\t\t\t\t\t\t\t\t<img fetchpriority=\"high\" decoding=\"async\" width=\"640\" height=\"291\" src=\"https:\/\/org.ef-urbich.de\/wp-content\/uploads\/2025\/02\/konferenz-4er-tisch-1024x466.jpg\" class=\"attachment-large size-large wp-image-1188\" alt=\"Konferenztisch - Allgemein\" srcset=\"https:\/\/org.ef-urbich.de\/wp-content\/uploads\/2025\/02\/konferenz-4er-tisch-1024x466.jpg 1024w, https:\/\/org.ef-urbich.de\/wp-content\/uploads\/2025\/02\/konferenz-4er-tisch-300x137.jpg 300w, https:\/\/org.ef-urbich.de\/wp-content\/uploads\/2025\/02\/konferenz-4er-tisch-768x350.jpg 768w, https:\/\/org.ef-urbich.de\/wp-content\/uploads\/2025\/02\/konferenz-4er-tisch.jpg 1280w\" sizes=\"(max-width: 640px) 100vw, 640px\" \/>\t\t\t\t\t\t\t\t\t\t\t\t\t\t\t<\/div>\n\t\t\t\t<div class=\"elementor-element elementor-element-26ae153 elementor-widget elementor-widget-image\" data-id=\"26ae153\" data-element_type=\"widget\" data-e-type=\"widget\" data-widget_type=\"image.default\">\n\t\t\t\t\t\t\t\t\t\t\t\t\t\t\t<img decoding=\"async\" width=\"640\" height=\"426\" src=\"https:\/\/org.ef-urbich.de\/wp-content\/uploads\/2025\/02\/waldweg-1024x682.jpg\" class=\"attachment-large size-large wp-image-1189\" alt=\"Waldweg\" srcset=\"https:\/\/org.ef-urbich.de\/wp-content\/uploads\/2025\/02\/waldweg-1024x682.jpg 1024w, https:\/\/org.ef-urbich.de\/wp-content\/uploads\/2025\/02\/waldweg-300x200.jpg 300w, https:\/\/org.ef-urbich.de\/wp-content\/uploads\/2025\/02\/waldweg-768x512.jpg 768w, https:\/\/org.ef-urbich.de\/wp-content\/uploads\/2025\/02\/waldweg.jpg 1280w\" sizes=\"(max-width: 640px) 100vw, 640px\" \/>\t\t\t\t\t\t\t\t\t\t\t\t\t\t\t<\/div>\n\t\t\t\t<div class=\"elementor-element elementor-element-19e258a elementor-widget elementor-widget-text-editor\" data-id=\"19e258a\" data-element_type=\"widget\" data-e-type=\"widget\" data-widget_type=\"text-editor.default\">\n\t\t\t\t\t\t\t\t\t<p>So ist das als erweckter Christ. Man unterh\u00e4lt sich mit dem Herrn. Nach Lust und Laune.<\/p><p>Aufregender wird es, wenn er sich ohne offensichtlichen Grund meldet. Da kann man sich schon erschrecken \ud83d\ude42<\/p><p>Wir werden im Laufe des Jahres Einblicke in das Himmelreich Intranet gew\u00e4hren, erste Zug\u00e4nge dazu vergeben, erste Aktivit\u00e4ten starten.<\/p>\t\t\t\t\t\t\t\t<\/div>\n\t\t\t\t\t<\/div>\n\t\t\t\t<\/div>\n\t\t<div class=\"elementor-element elementor-element-f810773 e-flex e-con-boxed e-con e-parent\" data-id=\"f810773\" data-element_type=\"container\" data-e-type=\"container\">\n\t\t\t\t\t<div class=\"e-con-inner\">\n\t\t\t\t<div class=\"elementor-element elementor-element-b4ef6c4 elementor-widget elementor-widget-text-editor\" data-id=\"b4ef6c4\" data-element_type=\"widget\" data-e-type=\"widget\" data-widget_type=\"text-editor.default\">\n\t\t\t\t\t\t\t\t\t<p>Wir sind alle auf jeden Fall sehr gespannt.<\/p><p>Das einzigartige an dieser Zeit ist die M\u00f6glichkeit der Globalen Kommunikation, ohne extra im Geist zu reisen. Aktuell sammeln sich die einzelnen Anf\u00fchrer und Organisieren sich.<\/p><p>Sobald das Intranet in unserer Hemisph\u00e4re f\u00fcr einzelne Gemeinden zur Verf\u00fcgung steht, wird es hier eine gesonderte Information geben.<\/p><p>Dem Herrn zuliebe!<br \/>Der F\u00fchrungsrat<\/p>\t\t\t\t\t\t\t\t<\/div>\n\t\t\t\t<div class=\"elementor-element elementor-element-cb47cf7 elementor-widget elementor-widget-text-editor\" data-id=\"cb47cf7\" data-element_type=\"widget\" data-e-type=\"widget\" data-widget_type=\"text-editor.default\">\n\t\t\t\t\t\t\t\t\t<p>Ausblick:<\/p><p>Wir arbeiten bereits an einer Humor Ecke. (Bei uns geht man zum Lachen nicht in den Keller) \ud83d\ude42<\/p><p>Unter anderem werden wir von den Netzwerkpfeifen lesen. Einem Christlichen Vollpfeifer Verein. Einem Lindemann, welcher Humanismus Fu\u00dfpilz studiert hat und sich auf die Verk\u00fcndung des Heilmittels &#8220;Humanismus, 100ml VollVersagen(VV) zum Selbsteinnehmen&#8221; spezialisiert hat. Einem Tiger, welcher die rechte Hand des L\u00f6wen von Zion ist und einer jungen Kaiserin, welche aus dem fernen \u00d6sterreich, das gesamte Treiben in der Ruhe des Studiums beobachtet.<\/p><p>Lasst uns den Herrn gemeinsam Anbeten und mit Ihm Zeit verbringen, sodass jeder Tag ein Tag des Herrn und ein Tag des Jubelns sein wird. Wir segnen alle mutigen Geschwister da drau\u00dfen mit viel Kraft im Herrn w\u00e4hrend dieser verr\u00fcckten Zeit des &#8220;Neokonservativen Christlichen Individualhumanismus&#8221; \ud83d\ude42<\/p>\t\t\t\t\t\t\t\t<\/div>\n\t\t\t\t\t<\/div>\n\t\t\t\t<\/div>\n\t\t\t\t<\/div>\n\t\t","protected":false},"excerpt":{"rendered":"<p>Himmelreich: Tag 2<br \/>\nHerr Zebaoth klopft oft an die T\u00fcr. Machst du Sie Ihm auf?<\/p>\n","protected":false},"author":1,"featured_media":1181,"comment_status":"closed","ping_status":"open","sticky":false,"template":"","format":"standard","meta":{"footnotes":""},"categories":[183,66,117,4,94,2,68,44,15,36],"tags":[191,67,62],"class_list":["post-1160","post","type-post","status-publish","format-standard","has-post-thumbnail","hentry","category-buerger","category-das-original","category-erster-buerger","category-gott","category-heiliger-geist","category-himmelreich-thueringen","category-kalender","category-news","category-timo-thejus","category-welt","tag-christ","tag-intranet","tag-kalender"],"_links":{"self":[{"href":"https:\/\/org.ef-urbich.de\/index.php?rest_route=\/wp\/v2\/posts\/1160","targetHints":{"allow":["GET"]}}],"collection":[{"href":"https:\/\/org.ef-urbich.de\/index.php?rest_route=\/wp\/v2\/posts"}],"about":[{"href":"https:\/\/org.ef-urbich.de\/index.php?rest_route=\/wp\/v2\/types\/post"}],"author":[{"embeddable":true,"href":"https:\/\/org.ef-urbich.de\/index.php?rest_route=\/wp\/v2\/users\/1"}],"replies":[{"embeddable":true,"href":"https:\/\/org.ef-urbich.de\/index.php?rest_route=%2Fwp%2Fv2%2Fcomments&post=1160"}],"version-history":[{"count":0,"href":"https:\/\/org.ef-urbich.de\/index.php?rest_route=\/wp\/v2\/posts\/1160\/revisions"}],"wp:featuredmedia":[{"embeddable":true,"href":"https:\/\/org.ef-urbich.de\/index.php?rest_route=\/wp\/v2\/media\/1181"}],"wp:attachment":[{"href":"https:\/\/org.ef-urbich.de\/index.php?rest_route=%2Fwp%2Fv2%2Fmedia&parent=1160"}],"wp:term":[{"taxonomy":"category","embeddable":true,"href":"https:\/\/org.ef-urbich.de\/index.php?rest_route=%2Fwp%2Fv2%2Fcategories&post=1160"},{"taxonomy":"post_tag","embeddable":true,"href":"https:\/\/org.ef-urbich.de\/index.php?rest_route=%2Fwp%2Fv2%2Ftags&post=1160"}],"curies":[{"name":"wp","href":"https:\/\/api.w.org\/{rel}","templated":true}]}}