{"id":1110,"date":"2025-02-02T17:36:04","date_gmt":"2025-02-02T16:36:04","guid":{"rendered":"https:\/\/das-original.com\/?p=1110"},"modified":"2025-02-02T17:36:04","modified_gmt":"2025-02-02T16:36:04","slug":"das-wort-zum-sonntag-aufbruch","status":"publish","type":"post","link":"https:\/\/org.ef-urbich.de\/?p=1110","title":{"rendered":"Das Wort zum Sonntag \u2013 \u201cAufbruch!\u201d"},"content":{"rendered":"\t\t<div data-elementor-type=\"wp-post\" data-elementor-id=\"1110\" class=\"elementor elementor-1110\" data-elementor-post-type=\"post\">\n\t\t\t\t<div class=\"elementor-element elementor-element-fadd3bc e-grid e-con-full e-con e-parent\" data-id=\"fadd3bc\" data-element_type=\"container\" data-e-type=\"container\">\n\t\t\t\t<div class=\"elementor-element elementor-element-087ced4 elementor-widget elementor-widget-text-editor\" data-id=\"087ced4\" data-element_type=\"widget\" data-e-type=\"widget\" data-widget_type=\"text-editor.default\">\n\t\t\t\t\t\t\t\t\t<p>&#8220;Aufbruch!&#8221;. Ein Wort und so viel Mannigfaltigkeit. Was erwartet uns? Wo gehen wir hin? Warum gehen wir dahin? Wer sagt, dass der Weg, der richtige ist? Ein Wort das eine Frage ausl\u00f6st. &#8220;GOTT&#8221;. Ein Wort das Jede Frage beantwortet.<\/p>\t\t\t\t\t\t\t\t<\/div>\n\t\t\t\t<div class=\"elementor-element elementor-element-20ac6ef elementor-widget elementor-widget-image\" data-id=\"20ac6ef\" data-element_type=\"widget\" data-e-type=\"widget\" data-widget_type=\"image.default\">\n\t\t\t\t\t\t\t\t\t\t\t\t\t\t\t<img fetchpriority=\"high\" decoding=\"async\" width=\"640\" height=\"426\" src=\"https:\/\/org.ef-urbich.de\/wp-content\/uploads\/2025\/02\/25-b_Aufbruch2-1024x682.jpg\" class=\"attachment-large size-large wp-image-1123\" alt=\"Bl\u00fctenknospe am Blumenst\u00e4ngel\" srcset=\"https:\/\/org.ef-urbich.de\/wp-content\/uploads\/2025\/02\/25-b_Aufbruch2-1024x682.jpg 1024w, https:\/\/org.ef-urbich.de\/wp-content\/uploads\/2025\/02\/25-b_Aufbruch2-300x200.jpg 300w, https:\/\/org.ef-urbich.de\/wp-content\/uploads\/2025\/02\/25-b_Aufbruch2-768x512.jpg 768w, https:\/\/org.ef-urbich.de\/wp-content\/uploads\/2025\/02\/25-b_Aufbruch2.jpg 1280w\" sizes=\"(max-width: 640px) 100vw, 640px\" \/>\t\t\t\t\t\t\t\t\t\t\t\t\t\t\t<\/div>\n\t\t\t\t<div class=\"elementor-element elementor-element-da6aad7 elementor-widget elementor-widget-image\" data-id=\"da6aad7\" data-element_type=\"widget\" data-e-type=\"widget\" data-widget_type=\"image.default\">\n\t\t\t\t\t\t\t\t\t\t\t\t\t\t\t<img decoding=\"async\" width=\"640\" height=\"480\" src=\"https:\/\/org.ef-urbich.de\/wp-content\/uploads\/2025\/02\/25_b_Aufbruch3-1024x768.jpg\" class=\"attachment-large size-large wp-image-1127\" alt=\"Rosa Blume im Sonnenschein\" srcset=\"https:\/\/org.ef-urbich.de\/wp-content\/uploads\/2025\/02\/25_b_Aufbruch3-1024x768.jpg 1024w, https:\/\/org.ef-urbich.de\/wp-content\/uploads\/2025\/02\/25_b_Aufbruch3-300x225.jpg 300w, https:\/\/org.ef-urbich.de\/wp-content\/uploads\/2025\/02\/25_b_Aufbruch3-768x576.jpg 768w, https:\/\/org.ef-urbich.de\/wp-content\/uploads\/2025\/02\/25_b_Aufbruch3.jpg 1280w\" sizes=\"(max-width: 640px) 100vw, 640px\" \/>\t\t\t\t\t\t\t\t\t\t\t\t\t\t\t<\/div>\n\t\t\t\t<div class=\"elementor-element elementor-element-105495b elementor-widget elementor-widget-text-editor\" data-id=\"105495b\" data-element_type=\"widget\" data-e-type=\"widget\" data-widget_type=\"text-editor.default\">\n\t\t\t\t\t\t\t\t\t<p>Stellt sich nur\u00a0 noch die Frage: &#8220;Inwiefern, ist Gott eine Antwort?&#8221;.<\/p><p>Ganz einfach: Gott ist eine Person, wie du und ich. Dieser Typ, war allein. Da er allm\u00e4chtig ist, hat er sich das Konzept der Familie erdacht. Wir Menschen, sind ebenbilder Gottes. Deswegen k\u00f6nnen wir im laufe der Zeit wachsen und unserem\u00a0 Vater im Himmel immer \u00e4hnlicher werden.<\/p><p>So wie mein Vater im Himmel habe auch ich einen Willen. So wie mein Vater im Himmel entscheide ich, was ich tue. Jedoch ist dem Sch\u00f6pfer allein das Recht, zu entscheiden was Richtig und was Falsch ist.<\/p>\t\t\t\t\t\t\t\t<\/div>\n\t\t\t\t<div class=\"elementor-element elementor-element-0ca6ef9 elementor-widget elementor-widget-text-editor\" data-id=\"0ca6ef9\" data-element_type=\"widget\" data-e-type=\"widget\" data-widget_type=\"text-editor.default\">\n\t\t\t\t\t\t\t\t\t<p>Ich f\u00fcr mich, habe seit dem ich denken kann, entschieden, dass Gott nicht nur Recht hat sondern ich auch seinem Urteil vertraue und seinen Weg beschreite.<\/p><p>Jeder Mensch, hat dieses Geschenk vom Vater. Du musst dich nur entscheiden. Bist du ein Freund von Jesus und somit ein Freund vom guten und dadurch ein Kind Gottes oder eben nicht.<\/p><p>Jeder, der sein Knie vor seinem Vater im Himmel beugt, Jesus Christus als Sohn Gottes und Gott selbst anerkennt und den Heiligen Geist in sich tr\u00e4gt, ist ein Kind Gottes.<\/p>\t\t\t\t\t\t\t\t<\/div>\n\t\t\t\t<div class=\"elementor-element elementor-element-293eebe elementor-widget elementor-widget-image\" data-id=\"293eebe\" data-element_type=\"widget\" data-e-type=\"widget\" data-widget_type=\"image.default\">\n\t\t\t\t\t\t\t\t\t\t\t\t\t\t\t<img decoding=\"async\" width=\"640\" height=\"400\" src=\"https:\/\/org.ef-urbich.de\/wp-content\/uploads\/2025\/02\/25_b_Aufbruch4-1024x640.jpg\" class=\"attachment-large size-large wp-image-1131\" alt=\"Vater und Sohn am Strand bei Sonnenuntergang\" srcset=\"https:\/\/org.ef-urbich.de\/wp-content\/uploads\/2025\/02\/25_b_Aufbruch4-1024x640.jpg 1024w, https:\/\/org.ef-urbich.de\/wp-content\/uploads\/2025\/02\/25_b_Aufbruch4-300x188.jpg 300w, https:\/\/org.ef-urbich.de\/wp-content\/uploads\/2025\/02\/25_b_Aufbruch4-768x480.jpg 768w, https:\/\/org.ef-urbich.de\/wp-content\/uploads\/2025\/02\/25_b_Aufbruch4.jpg 1280w\" sizes=\"(max-width: 640px) 100vw, 640px\" \/>\t\t\t\t\t\t\t\t\t\t\t\t\t\t\t<\/div>\n\t\t\t\t<\/div>\n\t\t<div class=\"elementor-element elementor-element-3e35d14 e-flex e-con-boxed e-con e-parent\" data-id=\"3e35d14\" data-element_type=\"container\" data-e-type=\"container\">\n\t\t\t\t\t<div class=\"e-con-inner\">\n\t\t\t\t<div class=\"elementor-element elementor-element-88e8220 elementor-widget elementor-widget-text-editor\" data-id=\"88e8220\" data-element_type=\"widget\" data-e-type=\"widget\" data-widget_type=\"text-editor.default\">\n\t\t\t\t\t\t\t\t\t<p>Und so fordere ich, Timo-Thejus, die siebente Posaune Gottes, dich, der das gerade liest auf, dich zu entscheiden.<\/p><p>W\u00e4hle den Sieg durch unseren Herrn Jesus Christus oder w\u00e4hle die Niederlage, das B\u00f6se und somit den Tod.<\/p><p>Der Herr wandelt bereits im Haus umher und es ist Nacht.<\/p><p>Wer Ohren hat der h\u00f6re, was der Geist der Gemeinden Sagt. &#8220;Der Dieb ist im Haus, er l\u00e4uft umher. Seit gewarnt und bereit!&#8221;.<\/p><p>Die Liebe und Gnade unseres Herrn Jesus Christus sei mit euch allen.<br \/>Erster B\u00fcrger im Himmelreich und Siebente Posaune Gottes<br \/>Timo-Thejus<\/p>\t\t\t\t\t\t\t\t<\/div>\n\t\t\t\t\t<\/div>\n\t\t\t\t<\/div>\n\t\t\t\t<\/div>\n\t\t","protected":false},"excerpt":{"rendered":"<p>&#8220;Aufbruch!&#8221;. Ein Wort und so viel Mannigfaltigkeit. Was erwartet uns? Wo gehen wir hin? Warum gehen wir dahin? Wer sagt, dass der Weg, der richtige ist? Ein Wort das eine Frage ausl\u00f6st. &#8220;GOTT&#8221;. Ein Wort das Jede Frage beantwortet. Stellt sich nur\u00a0 noch die Frage: &#8220;Inwiefern, ist Gott eine Antwort?&#8221;. Ganz einfach: Gott ist eine [&hellip;]<\/p>\n","protected":false},"author":1,"featured_media":1118,"comment_status":"open","ping_status":"open","sticky":false,"template":"","format":"standard","meta":{"footnotes":""},"categories":[24,116,4,94,95,97,107,109],"tags":[143,31],"class_list":["post-1110","post","type-post","status-publish","format-standard","has-post-thumbnail","hentry","category-das-wort-zum-sonntag","category-erkenntnis-timo-thejus","category-gott","category-heiliger-geist","category-herr-zebaoth","category-jesus","category-weisheit-timo-thejus","category-wissen-timo-thejus","tag-gnade","tag-gott"],"_links":{"self":[{"href":"https:\/\/org.ef-urbich.de\/index.php?rest_route=\/wp\/v2\/posts\/1110","targetHints":{"allow":["GET"]}}],"collection":[{"href":"https:\/\/org.ef-urbich.de\/index.php?rest_route=\/wp\/v2\/posts"}],"about":[{"href":"https:\/\/org.ef-urbich.de\/index.php?rest_route=\/wp\/v2\/types\/post"}],"author":[{"embeddable":true,"href":"https:\/\/org.ef-urbich.de\/index.php?rest_route=\/wp\/v2\/users\/1"}],"replies":[{"embeddable":true,"href":"https:\/\/org.ef-urbich.de\/index.php?rest_route=%2Fwp%2Fv2%2Fcomments&post=1110"}],"version-history":[{"count":0,"href":"https:\/\/org.ef-urbich.de\/index.php?rest_route=\/wp\/v2\/posts\/1110\/revisions"}],"wp:featuredmedia":[{"embeddable":true,"href":"https:\/\/org.ef-urbich.de\/index.php?rest_route=\/wp\/v2\/media\/1118"}],"wp:attachment":[{"href":"https:\/\/org.ef-urbich.de\/index.php?rest_route=%2Fwp%2Fv2%2Fmedia&parent=1110"}],"wp:term":[{"taxonomy":"category","embeddable":true,"href":"https:\/\/org.ef-urbich.de\/index.php?rest_route=%2Fwp%2Fv2%2Fcategories&post=1110"},{"taxonomy":"post_tag","embeddable":true,"href":"https:\/\/org.ef-urbich.de\/index.php?rest_route=%2Fwp%2Fv2%2Ftags&post=1110"}],"curies":[{"name":"wp","href":"https:\/\/api.w.org\/{rel}","templated":true}]}}