{"id":1083,"date":"2024-12-24T04:00:30","date_gmt":"2024-12-24T03:00:30","guid":{"rendered":"https:\/\/das-original.com\/?p=1083"},"modified":"2024-12-24T04:00:30","modified_gmt":"2024-12-24T03:00:30","slug":"die-welt-feiert-gottes-geburtstag","status":"publish","type":"post","link":"https:\/\/org.ef-urbich.de\/?p=1083","title":{"rendered":"Die Welt feiert Gottes Geburtstag!"},"content":{"rendered":"\t\t<div data-elementor-type=\"wp-post\" data-elementor-id=\"1083\" class=\"elementor elementor-1083\" data-elementor-post-type=\"post\">\n\t\t\t\t<div class=\"elementor-element elementor-element-48903608 e-flex e-con-boxed e-con e-parent\" data-id=\"48903608\" data-element_type=\"container\" data-e-type=\"container\">\n\t\t\t\t\t<div class=\"e-con-inner\">\n\t\t\t\t<div class=\"elementor-element elementor-element-25eb780a elementor-widget elementor-widget-text-editor\" data-id=\"25eb780a\" data-element_type=\"widget\" data-e-type=\"widget\" data-widget_type=\"text-editor.default\">\n\t\t\t\t\t\t\t\t\t\n<p>Und wir feiern mit! \ud83d\ude42 So ein freudiger Anlass. Lasst die Sektkorken knallen, die F\u00e4sser herbei rollen, das Schwein Schlachten und ordentlich Holzkohle auf den Grill Werfen. Der Br\u00e4utigam war da und mit jedem Geburtstag r\u00fcckt die Wiederkunft n\u00e4her. Bis dahin ist Gott\/Jesus als ein Tr\u00f6ster, Heiler und Freund in Form seines Heiligen Geistes bei Uns.<\/p>\n\t\t\t\t\t\t\t\t<\/div>\n\t\t\t\t\t<\/div>\n\t\t\t\t<\/div>\n\t\t<div class=\"elementor-element elementor-element-03fe08d e-flex e-con-boxed e-con e-parent\" data-id=\"03fe08d\" data-element_type=\"container\" data-e-type=\"container\">\n\t\t\t\t\t<div class=\"e-con-inner\">\n\t\t\t\t<div class=\"elementor-element elementor-element-215abbf elementor-widget elementor-widget-text-editor\" data-id=\"215abbf\" data-element_type=\"widget\" data-e-type=\"widget\" data-widget_type=\"text-editor.default\">\n\t\t\t\t\t\t\t\t\t<p>Auf Burg Himmelreich haben wir Tag und Nacht Umgang mit dem Allm\u00e4chtigen. Wenn wir den Burggraben \u00fcberquert haben, ist es sofort rauer und w\u00fcster. Aber mit dem Herrn an seiner Seite kann kein Mann Gottes zu Fall gebracht werden. Siehe Psalm 91 Vers &#8220;Wenn auch tausend fallen zu deiner Seite \/ und zehntausend zu deiner Rechten,<br \/>so wird es doch dich nicht treffen.&#8221;<\/p>\n<p>So lasst uns nun feiern mit unserem Gott und Erl\u00f6ser Jesus Christus, Gottes Sohn und Gott selbst!<\/p>\n<p>Dem Herrn Zuliebe!<br \/>Segne ich euch mit allem guten, was der Herr f\u00fcr euch bereitet hat. Amen!<\/p>\t\t\t\t\t\t\t\t<\/div>\n\t\t\t\t\t<\/div>\n\t\t\t\t<\/div>\n\t\t\t\t<\/div>\n\t\t","protected":false},"excerpt":{"rendered":"<p>Und wir feiern mit! \ud83d\ude42 So ein freudiger Anlass. Lasst die Sektkorken knallen, die F\u00e4sser herbei rollen, das Schwein Schlachten und ordentlich Holzkohle auf den Grill Werfen. Der Br\u00e4utigam war da und mit jedem Geburtstag r\u00fcckt die Wiederkunft n\u00e4her. Bis dahin ist Gott\/Jesus als ein Tr\u00f6ster, Heiler und Freund in Form seines Heiligen Geistes bei [&hellip;]<\/p>\n","protected":false},"author":1,"featured_media":1094,"comment_status":"closed","ping_status":"open","sticky":false,"template":"","format":"standard","meta":{"footnotes":""},"categories":[10,4,97,36,109],"tags":[],"class_list":["post-1083","post","type-post","status-publish","format-standard","has-post-thumbnail","hentry","category-burg-himmelreich","category-gott","category-jesus","category-welt","category-wissen-timo-thejus"],"_links":{"self":[{"href":"https:\/\/org.ef-urbich.de\/index.php?rest_route=\/wp\/v2\/posts\/1083","targetHints":{"allow":["GET"]}}],"collection":[{"href":"https:\/\/org.ef-urbich.de\/index.php?rest_route=\/wp\/v2\/posts"}],"about":[{"href":"https:\/\/org.ef-urbich.de\/index.php?rest_route=\/wp\/v2\/types\/post"}],"author":[{"embeddable":true,"href":"https:\/\/org.ef-urbich.de\/index.php?rest_route=\/wp\/v2\/users\/1"}],"replies":[{"embeddable":true,"href":"https:\/\/org.ef-urbich.de\/index.php?rest_route=%2Fwp%2Fv2%2Fcomments&post=1083"}],"version-history":[{"count":0,"href":"https:\/\/org.ef-urbich.de\/index.php?rest_route=\/wp\/v2\/posts\/1083\/revisions"}],"wp:featuredmedia":[{"embeddable":true,"href":"https:\/\/org.ef-urbich.de\/index.php?rest_route=\/wp\/v2\/media\/1094"}],"wp:attachment":[{"href":"https:\/\/org.ef-urbich.de\/index.php?rest_route=%2Fwp%2Fv2%2Fmedia&parent=1083"}],"wp:term":[{"taxonomy":"category","embeddable":true,"href":"https:\/\/org.ef-urbich.de\/index.php?rest_route=%2Fwp%2Fv2%2Fcategories&post=1083"},{"taxonomy":"post_tag","embeddable":true,"href":"https:\/\/org.ef-urbich.de\/index.php?rest_route=%2Fwp%2Fv2%2Ftags&post=1083"}],"curies":[{"name":"wp","href":"https:\/\/api.w.org\/{rel}","templated":true}]}}